{"id":127654,"date":"2025-05-25T19:44:11","date_gmt":"2025-05-25T19:44:11","guid":{"rendered":"https:\/\/www.europesays.com\/fr\/127654\/"},"modified":"2025-05-25T19:44:11","modified_gmt":"2025-05-25T19:44:11","slug":"a-paris-un-rassemblement-pour-denoncer-la-situation-humanitaire-a-gaza-liberation","status":"publish","type":"post","link":"https:\/\/www.europesays.com\/fr\/127654\/","title":{"rendered":"\u00e0 Paris, un rassemblement pour d\u00e9noncer la situation humanitaire \u00e0 Gaza \u2013 Lib\u00e9ration"},"content":{"rendered":"<p class=\"sc-ksZaOG ehjQrN text-element\">Quelques milliers de personnes se sont rassembl\u00e9es ce dimanche 25 mai dans l\u2019apr\u00e8s-midi \u00e0 Paris, \u00e0 l\u2019appel du Comit\u00e9 Palestine Sciences Po et d\u2019autres organisations d\u2019\u00e9tudiants et de lyc\u00e9ens, pour \u00abdire stop \u00e0 l\u2019apathie de la France\u00bb face \u00e0 \u00abl\u2019urgence de la situation\u00bb \u00e0 Gaza. Souhaitant \u00abexercer une pression suppl\u00e9mentaire sur le pouvoir qui tarde \u00e0 agir\u00bb et \u00abalors que <a href=\"https:\/\/www.liberation.fr\/international\/moyen-orient\/gaza-22-morts-dont-une-femme-enceinte-et-des-enfants-dans-de-nouvelles-frappes-israeliennes-20250525_TL5NNTTNTREY3KAECLTTRFET7Q\/\" target=\"_blank\" rel=\"noreferrer noopener\" title=\"https:\/\/www.liberation.fr\/international\/moyen-orient\/gaza-22-morts-dont-une-femme-enceinte-et-des-enfants-dans-de-nouvelles-frappes-israeliennes-20250525_TL5NNTTNTREY3KAECLTTRFET7Q\/\">l\u2019urgence de la situation<\/a> n\u00e9cessite des mesures imm\u00e9diates pour stopper Isra\u00ebl dans son projet g\u00e9nocidaire\u00bb, les manifestants ont brandi des pancartes et scand\u00e9 des slogans tels que \u00ab90 % de la population d\u00e9plac\u00e9e\u00bb, \u00abIsra\u00ebl casse-toi, la Palestine n\u2019est pas \u00e0 toi\u00bb, \u00absanctions \u00e9conomiques, boycott acad\u00e9mique sur l\u2019Etat g\u00e9nocidaire\u00bb, \u00abce n\u2019est pas une guerre c\u2019est un g\u00e9nocide\u00bb.<\/p>\n<p class=\"sc-ksZaOG ehjQrN text-element\">Le rassemblement place de la R\u00e9publique \u00e9tait organis\u00e9 \u00e0 l\u2019appel de de l\u2019Union \u00e9tudiante, l\u2019Union syndicale lyc\u00e9enne, du Comit\u00e9 Palestine Sorbonne et du Rassemblement pour l\u2019\u00e9galit\u00e9 et la d\u00e9mocratie. Plusieurs personnalit\u00e9s politiques \u00e9taient \u00e9galement pr\u00e9sentes, \u00e0 l\u2019image du leader insoumis, Jean-Luc M\u00e9lenchon et du coordinateur du mouvement Manuel Bompard. \u00abA Paris, la jeunesse lance un message : ne laissez pas faire le g\u00e9nocide \u00e0 Gaza ! Arr\u00eatez-le, vous le pouvez, a-t-il \u00e9crit sur son compte X. La g\u00e9n\u00e9ration au pouvoir doit entendre cet appel. Si elle regarde ailleurs, elle deviendra la g\u00e9n\u00e9ration criminelle de cette fin de ce premier quart de si\u00e8cle.\u00bb<\/p>\n<p class=\"sc-ksZaOG ehjQrN text-element\">\u00abIl faut une reconnaissance de l\u2019Etat palestinien par la France et du g\u00e9nocide par l\u2019Etat\u00bb, a r\u00e9clam\u00e9 Sephora, 23 ans, \u00e9tudiante \u00e0 la Sorbonne, qui n\u2019a pas souhait\u00e9 donner son nom de famille. \u00abMon arri\u00e8re grand-p\u00e8re a \u00e9t\u00e9 d\u00e9port\u00e9 parce qu\u2019il \u00e9tait r\u00e9sistant pendant la guerre, aujourd\u2019hui on assiste \u00e0 un g\u00e9nocide il ne faut pas avoir peur des mots\u00bb, a comment\u00e9 Clo\u00e9, 25 ans, venue avec ses amies, qui a aussi souhait\u00e9 garder l\u2019anonymat. \u00abIl y a beaucoup de monde, c\u2019est bien que la jeunesse se mobilise, \u00e7a fait du bien d\u2019\u00eatre l\u00e0 l\u2019opinion commence \u00e0 se sensibiliser, il faut continuer\u00bb, a-t-elle ajout\u00e9.<\/p>\n<p class=\"sc-ksZaOG ehjQrN text-element\">Rompant une tr\u00eave de deux mois, Isra\u00ebl a repris son offensive \u00e0 la mi-mars sur la <a href=\"https:\/\/www.liberation.fr\/international\/moyen-orient\/gaza-des-experts-repertorient-le-patrimoine-pour-quon-ne-puisse-pas-dire-quil-ny-avait-rien-20250525_YSUXUVN3V5E33FS34CFUWDAFYA\/\" target=\"_blank\" rel=\"noreferrer noopener\" title=\"https:\/\/www.liberation.fr\/international\/moyen-orient\/gaza-des-experts-repertorient-le-patrimoine-pour-quon-ne-puisse-pas-dire-quil-ny-avait-rien-20250525_YSUXUVN3V5E33FS34CFUWDAFYA\/\">bande de Gaza<\/a>, et <a href=\"https:\/\/www.liberation.fr\/international\/moyen-orient\/gaza-22-morts-dont-une-femme-enceinte-et-des-enfants-dans-de-nouvelles-frappes-israeliennes-20250525_TL5NNTTNTREY3KAECLTTRFET7Q\/\" target=\"_blank\" rel=\"noreferrer noopener\" title=\"https:\/\/www.liberation.fr\/international\/moyen-orient\/gaza-22-morts-dont-une-femme-enceinte-et-des-enfants-dans-de-nouvelles-frappes-israeliennes-20250525_TL5NNTTNTREY3KAECLTTRFET7Q\/\">a intensifi\u00e9 ses op\u00e9rations militaires<\/a> le 17 mai, dans le but affich\u00e9 d\u2019an\u00e9antir le mouvement islamiste palestinien Hamas, lib\u00e9rer les derniers otages restants et prendre le contr\u00f4le du territoire. Plus de 53 901 Gazaouis, majoritairement des civils, ont \u00e9t\u00e9 tu\u00e9s par cette campagne de repr\u00e9sailles, selon des donn\u00e9es du minist\u00e8re de la Sant\u00e9 du gouvernement du Hamas pour Gaza, jug\u00e9es fiables par l\u2019ONU.<\/p>\n<p class=\"sc-ksZaOG ehjQrN text-element\">L\u2019attaque des commandos du Hamas en Isra\u00ebl le 7 octobre 2023 avait entra\u00een\u00e9 la mort de 1 218 personnes c\u00f4t\u00e9 isra\u00e9lien, en majorit\u00e9 des civils, selon un d\u00e9compte de l\u2019AFP \u00e0 partir de donn\u00e9es officielles. Sur 251 personnes enlev\u00e9es ce jour-l\u00e0, 57 restent retenues dans Gaza, dont au moins 34 sont mortes, selon les autorit\u00e9s isra\u00e9liennes.<\/p>\n","protected":false},"excerpt":{"rendered":"Quelques milliers de personnes se sont rassembl\u00e9es ce dimanche 25 mai dans l\u2019apr\u00e8s-midi \u00e0 Paris, \u00e0 l\u2019appel du&hellip;\n","protected":false},"author":2,"featured_media":127655,"comment_status":"","ping_status":"","sticky":false,"template":"","format":"standard","meta":{"footnotes":""},"categories":[1888],"tags":[11,1777,674,1011,27,3517,3081,12,626,25],"class_list":{"0":"post-127654","1":"post","2":"type-post","3":"status-publish","4":"format-standard","5":"has-post-thumbnail","7":"category-paris","8":"tag-actualites","9":"tag-eu","10":"tag-europe","11":"tag-fr","12":"tag-france","13":"tag-gaza-l-escalade","14":"tag-jean-luc-melenchon","15":"tag-news","16":"tag-paris","17":"tag-republique-francaise"},"share_on_mastodon":{"url":"https:\/\/pubeurope.com\/@fr\/114570190202412028","error":""},"_links":{"self":[{"href":"https:\/\/www.europesays.com\/fr\/wp-json\/wp\/v2\/posts\/127654","targetHints":{"allow":["GET"]}}],"collection":[{"href":"https:\/\/www.europesays.com\/fr\/wp-json\/wp\/v2\/posts"}],"about":[{"href":"https:\/\/www.europesays.com\/fr\/wp-json\/wp\/v2\/types\/post"}],"author":[{"embeddable":true,"href":"https:\/\/www.europesays.com\/fr\/wp-json\/wp\/v2\/users\/2"}],"replies":[{"embeddable":true,"href":"https:\/\/www.europesays.com\/fr\/wp-json\/wp\/v2\/comments?post=127654"}],"version-history":[{"count":0,"href":"https:\/\/www.europesays.com\/fr\/wp-json\/wp\/v2\/posts\/127654\/revisions"}],"wp:featuredmedia":[{"embeddable":true,"href":"https:\/\/www.europesays.com\/fr\/wp-json\/wp\/v2\/media\/127655"}],"wp:attachment":[{"href":"https:\/\/www.europesays.com\/fr\/wp-json\/wp\/v2\/media?parent=127654"}],"wp:term":[{"taxonomy":"category","embeddable":true,"href":"https:\/\/www.europesays.com\/fr\/wp-json\/wp\/v2\/categories?post=127654"},{"taxonomy":"post_tag","embeddable":true,"href":"https:\/\/www.europesays.com\/fr\/wp-json\/wp\/v2\/tags?post=127654"}],"curies":[{"name":"wp","href":"https:\/\/api.w.org\/{rel}","templated":true}]}}