{"id":127658,"date":"2025-05-25T19:46:10","date_gmt":"2025-05-25T19:46:10","guid":{"rendered":"https:\/\/www.europesays.com\/fr\/127658\/"},"modified":"2025-05-25T19:46:10","modified_gmt":"2025-05-25T19:46:10","slug":"avec-lukraine-la-russie-echange-des-prisonniers-de-guerre-et-largue-ses-bombes-liberation","status":"publish","type":"post","link":"https:\/\/www.europesays.com\/fr\/127658\/","title":{"rendered":"Avec l\u2019Ukraine, la Russie \u00e9change des prisonniers de guerre et largue ses bombes \u2013 Lib\u00e9ration"},"content":{"rendered":"<p class=\"sc-ksZaOG ehjQrN text-element\">Tard dans la nuit, le ciel se remplit d\u2019un bourdonnement semblable \u00e0 celui des mobylettes. A 2 heures du matin, de fortes explosions retentissent : le syst\u00e8me de d\u00e9fense a\u00e9rienne est en action, abattant les drones. Nouvelle alerte : deux missiles \u00e0 grande vitesse volent en direction de Tchernihiv, ville de 270 000 habitants, au nord-est du pays, dans la r\u00e9gion du m\u00eame nom o\u00f9 se d\u00e9roule, depuis vendredi, <a href=\"https:\/\/www.liberation.fr\/international\/europe\/ma-fille-attend-son-pere-en-ukraine-les-retrouvailles-entre-les-soldats-prisonniers-en-russie-et-leurs-familles-20250523_XLGTZT34IBCOFKLQNL66KWY63Q\/\" target=\"_blank\" rel=\"nofollow noopener\" title=\"https:\/\/www.liberation.fr\/international\/europe\/ma-fille-attend-son-pere-en-ukraine-les-retrouvailles-entre-les-soldats-prisonniers-en-russie-et-leurs-familles-20250523_XLGTZT34IBCOFKLQNL66KWY63Q\/\">un grand \u00e9change de prisonniers<\/a> entre la Russie et l\u2019Ukraine.<\/p>\n<p class=\"sc-ksZaOG ehjQrN text-element\">Dans la nuit du 24 au 25 mai, la Russie a lanc\u00e9 <a href=\"https:\/\/www.liberation.fr\/international\/europe\/une-nuit-de-terreur-dans-la-region-de-kyiv-au-moins-douze-morts-en-ukraine-apres-des-frappes-russes-20250525_OE75BORQXFHWZLNPLK7ZVJ6NYA\/\" target=\"_blank\" rel=\"nofollow noopener\" title=\"https:\/\/www.liberation.fr\/international\/europe\/une-nuit-de-terreur-dans-la-region-de-kyiv-au-moins-douze-morts-en-ukraine-apres-des-frappes-russes-20250525_OE75BORQXFHWZLNPLK7ZVJ6NYA\/\">une attaque combin\u00e9e massive<\/a> contre 13 r\u00e9gions d\u2019Ukraine, qui a fait 12 morts et 60 bless\u00e9s. Dans la r\u00e9gion de Jytomyr, trois enfants<\/p>\n","protected":false},"excerpt":{"rendered":"Tard dans la nuit, le ciel se remplit d\u2019un bourdonnement semblable \u00e0 celui des mobylettes. A 2 heures&hellip;\n","protected":false},"author":2,"featured_media":127659,"comment_status":"","ping_status":"","sticky":false,"template":"","format":"standard","meta":{"footnotes":""},"categories":[1590],"tags":[11,1777,674,12,132,220,297],"class_list":{"0":"post-127658","1":"post","2":"type-post","3":"status-publish","4":"format-standard","5":"has-post-thumbnail","7":"category-ukraine","8":"tag-actualites","9":"tag-eu","10":"tag-europe","11":"tag-news","12":"tag-russie","13":"tag-ukraine","14":"tag-ukraine-la-crise"},"share_on_mastodon":{"url":"https:\/\/pubeurope.com\/@fr\/114570197952404576","error":""},"_links":{"self":[{"href":"https:\/\/www.europesays.com\/fr\/wp-json\/wp\/v2\/posts\/127658","targetHints":{"allow":["GET"]}}],"collection":[{"href":"https:\/\/www.europesays.com\/fr\/wp-json\/wp\/v2\/posts"}],"about":[{"href":"https:\/\/www.europesays.com\/fr\/wp-json\/wp\/v2\/types\/post"}],"author":[{"embeddable":true,"href":"https:\/\/www.europesays.com\/fr\/wp-json\/wp\/v2\/users\/2"}],"replies":[{"embeddable":true,"href":"https:\/\/www.europesays.com\/fr\/wp-json\/wp\/v2\/comments?post=127658"}],"version-history":[{"count":0,"href":"https:\/\/www.europesays.com\/fr\/wp-json\/wp\/v2\/posts\/127658\/revisions"}],"wp:featuredmedia":[{"embeddable":true,"href":"https:\/\/www.europesays.com\/fr\/wp-json\/wp\/v2\/media\/127659"}],"wp:attachment":[{"href":"https:\/\/www.europesays.com\/fr\/wp-json\/wp\/v2\/media?parent=127658"}],"wp:term":[{"taxonomy":"category","embeddable":true,"href":"https:\/\/www.europesays.com\/fr\/wp-json\/wp\/v2\/categories?post=127658"},{"taxonomy":"post_tag","embeddable":true,"href":"https:\/\/www.europesays.com\/fr\/wp-json\/wp\/v2\/tags?post=127658"}],"curies":[{"name":"wp","href":"https:\/\/api.w.org\/{rel}","templated":true}]}}