{"id":127664,"date":"2025-05-25T19:49:09","date_gmt":"2025-05-25T19:49:09","guid":{"rendered":"https:\/\/www.europesays.com\/fr\/127664\/"},"modified":"2025-05-25T19:49:09","modified_gmt":"2025-05-25T19:49:09","slug":"ces-cyclotouristes-vont-pedaler-800-km-jusquen-allemagne","status":"publish","type":"post","link":"https:\/\/www.europesays.com\/fr\/127664\/","title":{"rendered":"ces cyclotouristes vont p\u00e9daler 800 km jusqu\u2019en Allemagne"},"content":{"rendered":"<p>Vendredi 23\u00a0mai 2025, les membres du club local de cyclotourisme de la Soci\u00e9t\u00e9 v\u00e9locip\u00e9dique lochoise (SVL)\u00a0: Marie-Jo, Hippolyta, Roselyne, Christian et Jean-Jacques (assist\u00e9s par Brigitte en voiture) ont pris le d\u00e9part \u00e0 v\u00e9lo pour la ville allemande de Wermelskirchen, jumel\u00e9e depuis cinquante et un ans avec Loches.<\/p>\n<p>Clin d\u2019\u0153il au p\u00e9riple de deux cyclos allemands<\/p>\n<p>\u00ab\u00a0Nous allons parcourir 800\u00a0km en sept \u00e9tapes, soit une moyenne de 115\u00a0km par jour. C\u2019est une d\u00e9marche in\u00e9dite de notre part\u00a0\u00bb, souligne <a title=\"Loches : du changement de t\u00eate \u00e0 la SVL cyclo\" target=\"_self\" href=\"https:\/\/www.lanouvellerepublique.fr\/loches\/loches-du-changement-de-tete-a-la-svl-cyclo-1738602851\" rel=\"noopener\">Marie-Jo Duboel, l\u2019ex-pr\u00e9sidente de la section qui a pass\u00e9 la main en d\u00e9but d\u2019ann\u00e9e \u00e0 Roselyne Marin<\/a>, \u00e9galement du voyage.<\/p>\n<p>Une fois arriv\u00e9s sur place, les cyclotouristes lochois participeront aux festivit\u00e9s pr\u00e9vues pour le 51e anniversaire du jumelage durant le week-end de l\u2019Ascension.<\/p>\n<p>Un clin d\u2019\u0153il au p\u00e9riple r\u00e9alis\u00e9 l\u2019an pass\u00e9, dans l\u2019autre sens, de Wermelskirchen \u00e0 Loches, par <a title=\"Loches : deux employ\u00e9s municipaux de Wermelskirchen (Allemagne) sont arriv\u00e9s en tandem\" target=\"_self\" href=\"https:\/\/www.lanouvellerepublique.fr\/loches\/loches-deux-employes-municipaux-de-wermelskirchen-allemagne-sont-arrives-en-tandem\" rel=\"noopener\">Christoph et Thomas, deux employ\u00e9s municipaux allemands, venus en Sud-Touraine, \u00e0 bord d\u2019un tandem<\/a>, en mai\u00a02024. Pour l\u2019anecdote, ils sont revenus cette ann\u00e9e dans le Lochois, d\u00e9but mai, pour prolonger leur p\u00e9riple cycliste jusqu\u2019\u00e0 San Sebastian (Espagne).<\/p>\n<p>\u00c0 noter que la Ville de Loches a d\u00e9bloqu\u00e9 une aide exceptionnelle de 700\u00a0\u20ac pour le voyage des cyclos lochois. Une somme qui a permis, notamment, de louer un minibus pour le retour en France.<\/p>\n","protected":false},"excerpt":{"rendered":"Vendredi 23\u00a0mai 2025, les membres du club local de cyclotourisme de la Soci\u00e9t\u00e9 v\u00e9locip\u00e9dique lochoise (SVL)\u00a0: Marie-Jo, Hippolyta,&hellip;\n","protected":false},"author":2,"featured_media":127665,"comment_status":"","ping_status":"","sticky":false,"template":"","format":"standard","meta":{"footnotes":""},"categories":[1587],"tags":[1392,11,672,1804,20079,1805,1803,1777,674,1801,1387,14381,1393,4387,12,1802],"class_list":{"0":"post-127664","1":"post","2":"type-post","3":"status-publish","4":"format-standard","5":"has-post-thumbnail","7":"category-allemagne","8":"tag-a-la-une-local","9":"tag-actualites","10":"tag-allemagne","11":"tag-bundesrepublik-deutschland","12":"tag-cyclotourisme","13":"tag-de","14":"tag-deutschland","15":"tag-eu","16":"tag-europe","17":"tag-germany","18":"tag-indre-et-loire","19":"tag-loches","20":"tag-loisirs","21":"tag-loisirs-sportifs","22":"tag-news","23":"tag-republique-federale-dallemagne"},"share_on_mastodon":{"url":"https:\/\/pubeurope.com\/@fr\/114570209787520201","error":""},"_links":{"self":[{"href":"https:\/\/www.europesays.com\/fr\/wp-json\/wp\/v2\/posts\/127664","targetHints":{"allow":["GET"]}}],"collection":[{"href":"https:\/\/www.europesays.com\/fr\/wp-json\/wp\/v2\/posts"}],"about":[{"href":"https:\/\/www.europesays.com\/fr\/wp-json\/wp\/v2\/types\/post"}],"author":[{"embeddable":true,"href":"https:\/\/www.europesays.com\/fr\/wp-json\/wp\/v2\/users\/2"}],"replies":[{"embeddable":true,"href":"https:\/\/www.europesays.com\/fr\/wp-json\/wp\/v2\/comments?post=127664"}],"version-history":[{"count":0,"href":"https:\/\/www.europesays.com\/fr\/wp-json\/wp\/v2\/posts\/127664\/revisions"}],"wp:featuredmedia":[{"embeddable":true,"href":"https:\/\/www.europesays.com\/fr\/wp-json\/wp\/v2\/media\/127665"}],"wp:attachment":[{"href":"https:\/\/www.europesays.com\/fr\/wp-json\/wp\/v2\/media?parent=127664"}],"wp:term":[{"taxonomy":"category","embeddable":true,"href":"https:\/\/www.europesays.com\/fr\/wp-json\/wp\/v2\/categories?post=127664"},{"taxonomy":"post_tag","embeddable":true,"href":"https:\/\/www.europesays.com\/fr\/wp-json\/wp\/v2\/tags?post=127664"}],"curies":[{"name":"wp","href":"https:\/\/api.w.org\/{rel}","templated":true}]}}