{"id":127680,"date":"2025-05-25T19:58:08","date_gmt":"2025-05-25T19:58:08","guid":{"rendered":"https:\/\/www.europesays.com\/fr\/127680\/"},"modified":"2025-05-25T19:58:08","modified_gmt":"2025-05-25T19:58:08","slug":"roland-garros-aryna-sabalenka-a-un-journaliste-si-vous-devez-me-dire-quelque-chose-ne-le-faites-pas-abstenez-vous","status":"publish","type":"post","link":"https:\/\/www.europesays.com\/fr\/127680\/","title":{"rendered":"Roland Garros > Aryna Sabalenka \u00e0 un journaliste : \u00ab\u00a0Si vous devez me dire quelque chose, ne le faites pas\u00a0! Abstenez-vous\u00a0!\u00a0\u00bb"},"content":{"rendered":"<p>La Bi\u00e9lorusse est faci\u00adle\u00adment entr\u00e9e dans son tournoi en domi\u00adnant la joueuse russe, Kamilla Rakhimova (85e), en deux manches\u00a0: 6\u20131, 6\u20130.<\/p>\n<p>Ce succ\u00e8s lui permet donc d\u2019ac\u00adc\u00e9der au deuxi\u00e8me tour. Interrog\u00e9e sur le fait de savoir si elle regar\u00addait les tableaux avant de d\u00e9buter un tournoi, elle a genti\u00adment recadr\u00e9 le jour\u00adna\u00adliste en ques\u00adtions. Extraits.<\/p>\n<p><strong>Question. Je ne sais pas si vous faites partie des joueuses qui regardent ardem\u00adment le tableau\u2026<\/strong><br \/>Sabalenka\u00a0: Non. Si vous devez me dire quelque chose, ne le faites pas\u202f! abstenez\u2010vous\u202f! Non, je plai\u00adsante\u2026 Je ne regarde jamais le tableau, ou en tout cas, loin dans le tableau.<\/p>\n<p><strong>Q. Donc tu ne regardes jamais le tableau. C\u2019\u00e9tait juste\u00adment ma ques\u00adtion\u2026<\/strong><br \/>Sabalenka\u00a0: Non, pas vraiment.\u00a0<\/p>\n<p><strong>De votre envoy\u00e9 sp\u00e9cial \u00e0 Roland\u2010Garros<\/strong><\/p>\n<p class=\"post-published-date\" style=\"color: silver; font-size: 75%; text-align: left;\">Publi\u00e9 le dimanche 25 mai 2025 \u00e0 18:25<\/p>\n","protected":false},"excerpt":{"rendered":"La Bi\u00e9lorusse est faci\u00adle\u00adment entr\u00e9e dans son tournoi en domi\u00adnant la joueuse russe, Kamilla Rakhimova (85e), en deux&hellip;\n","protected":false},"author":2,"featured_media":127681,"comment_status":"","ping_status":"","sticky":false,"template":"","format":"standard","meta":{"footnotes":""},"categories":[1415],"tags":[7615,1011,27,60,1467],"class_list":{"0":"post-127680","1":"post","2":"type-post","3":"status-publish","4":"format-standard","5":"has-post-thumbnail","7":"category-tennis","8":"tag-aryna-sabalenka","9":"tag-fr","10":"tag-france","11":"tag-sports","12":"tag-tennis"},"share_on_mastodon":{"url":"https:\/\/pubeurope.com\/@fr\/114570245127219412","error":""},"_links":{"self":[{"href":"https:\/\/www.europesays.com\/fr\/wp-json\/wp\/v2\/posts\/127680","targetHints":{"allow":["GET"]}}],"collection":[{"href":"https:\/\/www.europesays.com\/fr\/wp-json\/wp\/v2\/posts"}],"about":[{"href":"https:\/\/www.europesays.com\/fr\/wp-json\/wp\/v2\/types\/post"}],"author":[{"embeddable":true,"href":"https:\/\/www.europesays.com\/fr\/wp-json\/wp\/v2\/users\/2"}],"replies":[{"embeddable":true,"href":"https:\/\/www.europesays.com\/fr\/wp-json\/wp\/v2\/comments?post=127680"}],"version-history":[{"count":0,"href":"https:\/\/www.europesays.com\/fr\/wp-json\/wp\/v2\/posts\/127680\/revisions"}],"wp:featuredmedia":[{"embeddable":true,"href":"https:\/\/www.europesays.com\/fr\/wp-json\/wp\/v2\/media\/127681"}],"wp:attachment":[{"href":"https:\/\/www.europesays.com\/fr\/wp-json\/wp\/v2\/media?parent=127680"}],"wp:term":[{"taxonomy":"category","embeddable":true,"href":"https:\/\/www.europesays.com\/fr\/wp-json\/wp\/v2\/categories?post=127680"},{"taxonomy":"post_tag","embeddable":true,"href":"https:\/\/www.europesays.com\/fr\/wp-json\/wp\/v2\/tags?post=127680"}],"curies":[{"name":"wp","href":"https:\/\/api.w.org\/{rel}","templated":true}]}}