{"id":127696,"date":"2025-05-25T20:09:10","date_gmt":"2025-05-25T20:09:10","guid":{"rendered":"https:\/\/www.europesays.com\/fr\/127696\/"},"modified":"2025-05-25T20:09:10","modified_gmt":"2025-05-25T20:09:10","slug":"amel-bent-sepanche-sur-florent-pagny-et-confie-ce-quelle-pense-vraiment-de-lui-video","status":"publish","type":"post","link":"https:\/\/www.europesays.com\/fr\/127696\/","title":{"rendered":"Amel Bent s&rsquo;\u00e9panche sur Florent Pagny et confie ce qu&rsquo;elle pense vraiment de lui (VIDEO)"},"content":{"rendered":"<p>Amel Bent \u00e9tait l&rsquo;invit\u00e9e de Quelle \u00e9poque\u00a0!, samedi 24 mai 2025 sur France 2, pour parler de son huiti\u00e8me album studio\u00a0: dans Minuit une, sorti le 16 mai dernier, l&rsquo;ex-coach de The Voice et <a href=\"https:\/\/www.programme-tv.net\/news\/tv\/373954-the-voice-2025-un-ancien-demi-finaliste-damel-bent-va-tenter-sa-chance-ce-samedi-soir\/\" data-api-deeplink=\"teleloisirs:\/\/news\/373954\" target=\"_blank\" rel=\"noopener\">The Voice Kids<\/a> \u00e9voque notamment sa condition de femme et rend <a href=\"https:\/\/www.programme-tv.net\/news\/people\/378616-c-etait-le-pilier-de-la-famille-amel-bent-se-confie-avec-emotion-sur-le-deces-de-sa-grand-mere\/\" data-api-deeplink=\"teleloisirs:\/\/news\/378616\" target=\"_blank\" rel=\"noopener\">un hommage \u00e9mouvant \u00e0 sa grand-m\u00e8re disparue<\/a>, dont elle \u00e9tait tr\u00e8s proche. Mais samedi soir, sur le plateau de L\u00e9a Salam\u00e9, sur France 2, Amel Bent a \u00e9galement dit toute son admiration pour un artiste incontournable de la chanson fran\u00e7aise\u00a0: Florent Pagny.<\/p>\n<p>\u00ab\u00a0Il t&rsquo;envoie une esp\u00e8ce de shot de libert\u00e9 !\u00a0\u00bb : Amel Bent subjugu\u00e9e par Florent Pagny, ce qui la fascine chez le chanteur<\/p>\n<p>Tandis que L\u00e9a Salam\u00e9 interrogeait <a href=\"https:\/\/www.programme-tv.net\/news\/people\/373403-amel-bent-se-souvient-de-son-audition-a-nouvelle-star-et-balance-ce-jure-qui-l-avait-traitee-de-chanteuse-de-karaoke\/\" data-api-deeplink=\"teleloisirs:\/\/news\/373403\" target=\"_blank\" rel=\"noopener\">l&rsquo;ex-candi<\/a> : Amel Bent subjugu\u00e9e par Florent Pagny, ce qui la fascine chez le la journaliste s&rsquo;est arr\u00eat\u00e9e sur un portrait de l&rsquo;interpr\u00e8te de Savoir aimer&#8230; Et Amel Bent n&rsquo;a pas h\u00e9sit\u00e9 \u00e0 dire tout le bien qu&rsquo;elle pensait de lui. \u00ab\u00a0Florent Pagny, c&rsquo;est le mec, tu passes une semaine avec lui, apr\u00e8s tu prends ta bagnole, tu fais des tours de p\u00e9riph, en te disant &lsquo;J&rsquo;ai rat\u00e9 ma vie, en fait !&rsquo;, a confi\u00e9 l&rsquo;artiste de 39 ans, suscitant l&rsquo;hilarit\u00e9 du public de Quelle \u00e9poque\u00a0! \u00ab\u00a0Il t&rsquo;envoie un esp\u00e8ce de shot de&#8230; de libert\u00e9. Il est ce qu&rsquo;il est, \u00e7a va tout droit, il ne fait aucune concession, mais sans \u00eatre un salaud. L&#8217;empathie, la bienveillance, l&rsquo;amour pour les gens&#8230; Tout est \u00e0 sa place.\u00a0\u00bb<\/p>\n<p>                        \u00ab\u00a0Je veux \u00eatre Florent Pagny\u00a0\u00bb : Amel Bent se souvient de sa r\u00e9action apr\u00e8s avoir particip\u00e9 \u00e0 The Voice avec le chanteur<\/p>\n<p>Florent Pagny et Amel Bent ont \u00e9t\u00e9 coachs, ensemble, dans l&rsquo;\u00e9mission The Voice, lors des 10e et 11e saisons, en 2021 et 2022. L&rsquo;interpr\u00e8te de Ma philosophie a \u00e9voqu\u00e9 l&rsquo;effet que cette collaboration dans la cadre du t\u00e9l\u00e9-crochet de TF1 lui avait procur\u00e9. \u00ab\u00a0Ma premi\u00e8re saison de The Voice \u00e0 c\u00f4t\u00e9 de lui, je me suis dit &lsquo;En fait, je veux \u00eatre Florent Pagny\u00a0!&rsquo;, a-t-elle assur\u00e9. Mais pas le chanteur, l&rsquo;\u00eatre humain\u00a0!\u00a0\u00bb Amel Bent fut \u00e9galement l&rsquo;une des invit\u00e9s de l&rsquo;interpr\u00e8te de Caruso sur son album de duos 2 Bis, paru en 2023\u00a0: elle interpr\u00e8te \u00e0 ses c\u00f4t\u00e9s son tube Ma libert\u00e9 de penser. Les deux artistes avaient repris ce titre provocateur, lors de l&rsquo;\u00e9mission Avec Florent Pagny, tout le monde ELA, le 1er septembre 2023, sur TF1, au profit de la lutte contre la leucodystrophie.<\/p>\n<p>Article \u00e9crit en collaboration avec 6Medias<\/p>\n","protected":false},"excerpt":{"rendered":"Amel Bent \u00e9tait l&rsquo;invit\u00e9e de Quelle \u00e9poque\u00a0!, samedi 24 mai 2025 sur France 2, pour parler de son&hellip;\n","protected":false},"author":2,"featured_media":127697,"comment_status":"","ping_status":"","sticky":false,"template":"","format":"standard","meta":{"footnotes":""},"categories":[1355],"tags":[20546,244,58,59,3109,1011,27,594,3775,1361,873,3778,1630],"class_list":{"0":"post-127696","1":"post","2":"type-post","3":"status-publish","4":"format-standard","5":"has-post-thumbnail","7":"category-musique","8":"tag-amel-bent","9":"tag-commentaire","10":"tag-divertissement","11":"tag-entertainment","12":"tag-florent-pagny","13":"tag-fr","14":"tag-france","15":"tag-france-2","16":"tag-lu00e9a-salamu00e9","17":"tag-music","18":"tag-musique","19":"tag-quelle-u00e9poque","20":"tag-zapping"},"share_on_mastodon":{"url":"https:\/\/pubeurope.com\/@fr\/114570288460760099","error":""},"_links":{"self":[{"href":"https:\/\/www.europesays.com\/fr\/wp-json\/wp\/v2\/posts\/127696","targetHints":{"allow":["GET"]}}],"collection":[{"href":"https:\/\/www.europesays.com\/fr\/wp-json\/wp\/v2\/posts"}],"about":[{"href":"https:\/\/www.europesays.com\/fr\/wp-json\/wp\/v2\/types\/post"}],"author":[{"embeddable":true,"href":"https:\/\/www.europesays.com\/fr\/wp-json\/wp\/v2\/users\/2"}],"replies":[{"embeddable":true,"href":"https:\/\/www.europesays.com\/fr\/wp-json\/wp\/v2\/comments?post=127696"}],"version-history":[{"count":0,"href":"https:\/\/www.europesays.com\/fr\/wp-json\/wp\/v2\/posts\/127696\/revisions"}],"wp:featuredmedia":[{"embeddable":true,"href":"https:\/\/www.europesays.com\/fr\/wp-json\/wp\/v2\/media\/127697"}],"wp:attachment":[{"href":"https:\/\/www.europesays.com\/fr\/wp-json\/wp\/v2\/media?parent=127696"}],"wp:term":[{"taxonomy":"category","embeddable":true,"href":"https:\/\/www.europesays.com\/fr\/wp-json\/wp\/v2\/categories?post=127696"},{"taxonomy":"post_tag","embeddable":true,"href":"https:\/\/www.europesays.com\/fr\/wp-json\/wp\/v2\/tags?post=127696"}],"curies":[{"name":"wp","href":"https:\/\/api.w.org\/{rel}","templated":true}]}}