{"id":127709,"date":"2025-05-25T20:16:09","date_gmt":"2025-05-25T20:16:09","guid":{"rendered":"https:\/\/www.europesays.com\/fr\/127709\/"},"modified":"2025-05-25T20:16:09","modified_gmt":"2025-05-25T20:16:09","slug":"quand-des-anciens-soldats-ukrainiens-profitent-dun-echange-de-prisonniers-avec-la-russie","status":"publish","type":"post","link":"https:\/\/www.europesays.com\/fr\/127709\/","title":{"rendered":"quand des anciens soldats ukrainiens profitent d\u2019un \u00e9change de prisonniers avec la Russie"},"content":{"rendered":"<p data-module=\"fig-standfirst\" data-context=\"@media (min-width:48em)\"><strong>REPORTAGE &#8211;<\/strong> Pr\u00e8s de 880 militaires et 120 civils ont \u00e9t\u00e9 lib\u00e9r\u00e9s de chaque c\u00f4t\u00e9 ce week-end, dans le cadre d\u2019un accord \u00ab1000 contre 1000\u00bb conclu le 16\u00a0mai dernier \u00e0 Istanbul.<\/p>\n<p class=\"fig-paragraph fig-paragraph--dropped fig-paragraph--dropped-small\">Quand Olessia Havrylenko a re\u00e7u une notification sur l\u2019application du gouvernement ukrainien disant que son mari \u00e9tait libre, la trentenaire a d\u2019abord cru \u00e0 une erreur. Dmytro a disparu fin d\u00e9cembre 2023, apr\u00e8s une mission lors de la bataille de Marinka dans le Donbass. Pendant cinq mois, Olessia n\u2019a eu aucune nouvelle jusqu\u2019\u00e0 ce que le Comit\u00e9 international de la Croix-Rouge confirme que \u00ab\u00a0son Dima\u00a0\u00bb \u00e9tait vivant, d\u00e9tenu par les Russes.<\/p>\n<p class=\"fig-paragraph fig-paragraph--dropped\">Samedi, Olessia, avec son fils, la s\u0153ur et la m\u00e8re de Dmytro ont fait pr\u00e8s de quatre heures de route depuis leur village de la r\u00e9gion de Kiev, dans l\u2019espoir de le retrouver pr\u00e8s du lieu de l\u2019\u00e9change. Comme des centaines d\u2019autres, la famille Havrylenko s\u2019est retrouv\u00e9e \u00e0 attendre devant un centre m\u00e9dical de la r\u00e9gion de Tchernihiv, pr\u00e8s de la fronti\u00e8re avec la Bi\u00e9lorussie. Enroul\u00e9es dans des drapeaux ukrainiens, photos \u00e0 la main, des m\u00e8res, des \u00e9pouses, des parents se pressaient pour enfin revoir leurs proches disparus ou faits prisonniers sur le champ\u2026<\/p>\n<p class=\"fig-premium-paywall__infos\">\n        Cet article est r\u00e9serv\u00e9 aux abonn\u00e9s.        Il vous reste 89% \u00e0 d\u00e9couvrir.\n    <\/p>\n<p>                <img  data- alt=\"Le Figaro\" class=\"fig-img--complete fig-img\"\/><\/p>\n<p class=\"fig-premium-paywall__title\">Vente Flash<\/p>\n<p class=\"fig-premium-paywall__subtitle\">4,99\u20ac par mois pendant 12 mois. Sans engagement.<\/p>\n<p class=\"fig-premium-paywall__connect\">\n                D\u00e9j\u00e0 abonn\u00e9\u00a0?                <a class=\"fig-premium-paywall__connect-link\" href=\"https:\/\/connect.lefigaro.fr\/login?client=horizon_web&amp;type=main&amp;redirect_uri=https%3A%2F%2Fwww.lefigaro.fr%2Finternational%2Fpapa-rentre-a-la-maison-quand-des-anciens-soldats-ukrainiens-profitent-d-un-echange-de-prisonniers-avec-la-russie-20250525\" data-js-gtm=\"{&quot;customCategorie&quot;: &quot;conversion&quot;, &quot;customAction&quot;: &quot;before_Landing_Connexion_paywall_auto&quot;, &quot;customLabel&quot;: &quot;bGVmaWdhcm8uZnJfXzFmMDM5N2FlLTE5NDctNmUzOC1hYTE5LTFmZmQyYzdjYmYyYV9fQXJ0aWNsZQ==_\u00abPapa rentre \u00e0 la maison\u00bb: quand des anciens soldats ukrainiens profitent d\u2019un \u00e9change de prisonniers avec la Russie_555&quot;, &quot;customIDSPE&quot;: &quot;bGVmaWdhcm8uZnJfXzFmMDM5N2FlLTE5NDctNmUzOC1hYTE5LTFmZmQyYzdjYmYyYV9fQXJ0aWNsZQ==&quot;, &quot;event&quot;: &quot;customEventSPE&quot;}\" rel=\"nofollow noopener\" target=\"_blank\"><br \/>\n                    Connectez-vous<br \/>\n                <\/a>\n            <\/p>\n","protected":false},"excerpt":{"rendered":"REPORTAGE &#8211; Pr\u00e8s de 880 militaires et 120 civils ont \u00e9t\u00e9 lib\u00e9r\u00e9s de chaque c\u00f4t\u00e9 ce week-end, dans&hellip;\n","protected":false},"author":2,"featured_media":127710,"comment_status":"","ping_status":"","sticky":false,"template":"","format":"standard","meta":{"footnotes":""},"categories":[5],"tags":[259,11,260,1011,27,131,14,261,12,262,28],"class_list":{"0":"post-127709","1":"post","2":"type-post","3":"status-publish","4":"format-standard","5":"has-post-thumbnail","7":"category-international","8":"tag-actualite-internationale","9":"tag-actualites","10":"tag-affaires-etrangeres","11":"tag-fr","12":"tag-france","13":"tag-guerre-en-ukraine","14":"tag-international","15":"tag-ministere-des-affaires-etrangeres","16":"tag-news","17":"tag-politique-etrangere","18":"tag-world"},"share_on_mastodon":{"url":"https:\/\/pubeurope.com\/@fr\/114570315938722389","error":""},"_links":{"self":[{"href":"https:\/\/www.europesays.com\/fr\/wp-json\/wp\/v2\/posts\/127709","targetHints":{"allow":["GET"]}}],"collection":[{"href":"https:\/\/www.europesays.com\/fr\/wp-json\/wp\/v2\/posts"}],"about":[{"href":"https:\/\/www.europesays.com\/fr\/wp-json\/wp\/v2\/types\/post"}],"author":[{"embeddable":true,"href":"https:\/\/www.europesays.com\/fr\/wp-json\/wp\/v2\/users\/2"}],"replies":[{"embeddable":true,"href":"https:\/\/www.europesays.com\/fr\/wp-json\/wp\/v2\/comments?post=127709"}],"version-history":[{"count":0,"href":"https:\/\/www.europesays.com\/fr\/wp-json\/wp\/v2\/posts\/127709\/revisions"}],"wp:featuredmedia":[{"embeddable":true,"href":"https:\/\/www.europesays.com\/fr\/wp-json\/wp\/v2\/media\/127710"}],"wp:attachment":[{"href":"https:\/\/www.europesays.com\/fr\/wp-json\/wp\/v2\/media?parent=127709"}],"wp:term":[{"taxonomy":"category","embeddable":true,"href":"https:\/\/www.europesays.com\/fr\/wp-json\/wp\/v2\/categories?post=127709"},{"taxonomy":"post_tag","embeddable":true,"href":"https:\/\/www.europesays.com\/fr\/wp-json\/wp\/v2\/tags?post=127709"}],"curies":[{"name":"wp","href":"https:\/\/api.w.org\/{rel}","templated":true}]}}