{"id":127715,"date":"2025-05-25T20:19:23","date_gmt":"2025-05-25T20:19:23","guid":{"rendered":"https:\/\/www.europesays.com\/fr\/127715\/"},"modified":"2025-05-25T20:19:23","modified_gmt":"2025-05-25T20:19:23","slug":"le-mausa-est-officiellement-ouvert-a-saint-chamond","status":"publish","type":"post","link":"https:\/\/www.europesays.com\/fr\/127715\/","title":{"rendered":"le Mausa est officiellement ouvert \u00e0 Saint-Chamond"},"content":{"rendered":"<p>\u00c7a y est, le mus\u00e9e d&rsquo;art urbain et de street-art de Saint-Chamond (Mausa) a \u00e9t\u00e9 officiellement inaugur\u00e9 vendredi soir. Le public va d\u00e9sormais pouvoir s&rsquo;approprier cette galerie d&rsquo;un nouveau genre et d\u00e9couvrir l\u2019exposition NoMad qui r\u00e9unit une vingtaine de caravanes r\u00e9alis\u00e9es par autant de street-artistes. Une belle r\u00e9ussite pour la r\u00e9habilitation de la Halle 07 de Novaci\u00e9ries.\u00a0<\/p>\n","protected":false},"excerpt":{"rendered":"\u00c7a y est, le mus\u00e9e d&rsquo;art urbain et de street-art de Saint-Chamond (Mausa) a \u00e9t\u00e9 officiellement inaugur\u00e9 vendredi&hellip;\n","protected":false},"author":2,"featured_media":127716,"comment_status":"","ping_status":"","sticky":false,"template":"","format":"standard","meta":{"footnotes":""},"categories":[9653],"tags":[1111,11,2430,1687,7539,1777,674,2271,1011,27,2797,5325,2798,3367,12,25,9669,4001,10806],"class_list":{"0":"post-127715","1":"post","2":"type-post","3":"status-publish","4":"format-standard","5":"has-post-thumbnail","7":"category-saint-etienne","8":"tag-actu","9":"tag-actualites","10":"tag-auvergne-rhone-alpes","11":"tag-culture-loisirs","12":"tag-edition-loire-sud","13":"tag-eu","14":"tag-europe","15":"tag-exposition-arts-plastiques","16":"tag-fr","17":"tag-france","18":"tag-galerie-loisirs","19":"tag-galerie-media","20":"tag-galerie-photo","21":"tag-loire","22":"tag-news","23":"tag-republique-francaise","24":"tag-saint-chamond","25":"tag-saint-etienne","26":"tag-selection-de-la-redaction-42"},"share_on_mastodon":{"url":"https:\/\/pubeurope.com\/@fr\/114570327720110437","error":""},"_links":{"self":[{"href":"https:\/\/www.europesays.com\/fr\/wp-json\/wp\/v2\/posts\/127715","targetHints":{"allow":["GET"]}}],"collection":[{"href":"https:\/\/www.europesays.com\/fr\/wp-json\/wp\/v2\/posts"}],"about":[{"href":"https:\/\/www.europesays.com\/fr\/wp-json\/wp\/v2\/types\/post"}],"author":[{"embeddable":true,"href":"https:\/\/www.europesays.com\/fr\/wp-json\/wp\/v2\/users\/2"}],"replies":[{"embeddable":true,"href":"https:\/\/www.europesays.com\/fr\/wp-json\/wp\/v2\/comments?post=127715"}],"version-history":[{"count":0,"href":"https:\/\/www.europesays.com\/fr\/wp-json\/wp\/v2\/posts\/127715\/revisions"}],"wp:featuredmedia":[{"embeddable":true,"href":"https:\/\/www.europesays.com\/fr\/wp-json\/wp\/v2\/media\/127716"}],"wp:attachment":[{"href":"https:\/\/www.europesays.com\/fr\/wp-json\/wp\/v2\/media?parent=127715"}],"wp:term":[{"taxonomy":"category","embeddable":true,"href":"https:\/\/www.europesays.com\/fr\/wp-json\/wp\/v2\/categories?post=127715"},{"taxonomy":"post_tag","embeddable":true,"href":"https:\/\/www.europesays.com\/fr\/wp-json\/wp\/v2\/tags?post=127715"}],"curies":[{"name":"wp","href":"https:\/\/api.w.org\/{rel}","templated":true}]}}