{"id":127737,"date":"2025-05-25T20:36:10","date_gmt":"2025-05-25T20:36:10","guid":{"rendered":"https:\/\/www.europesays.com\/fr\/127737\/"},"modified":"2025-05-25T20:36:10","modified_gmt":"2025-05-25T20:36:10","slug":"le-sans-faute-de-lasptt-strasbourg","status":"publish","type":"post","link":"https:\/\/www.europesays.com\/fr\/127737\/","title":{"rendered":"le sans-faute de l\u2019ASPTT Strasbourg"},"content":{"rendered":"<p>Longvic, soutenu par son public et bien en place tactiquement, surprend les Strasbourgeoises d\u2019entr\u00e9e. Paterson-Ridgway et Favelier se montrent percutantes, les locales prennent un l\u00e9ger ascendant\u00a0(7-5, 12e ), alors que les Alsaciennes peinent \u00e0 trouver la faille dans la d\u00e9fense adverse. Malgr\u00e9 les tentatives de Kieny et Lamy, les tirs sont souvent repouss\u00e9s par une gardienne locale bien inspir\u00e9e.<\/p>\n<p>Pendant plusieurs minutes, Strasbourg doute. Les pertes de balle s\u2019encha\u00eenent,&#8230;<\/p>\n","protected":false},"excerpt":{"rendered":"Longvic, soutenu par son public et bien en place tactiquement, surprend les Strasbourgeoises d\u2019entr\u00e9e. Paterson-Ridgway et Favelier se&hellip;\n","protected":false},"author":2,"featured_media":127738,"comment_status":"","ping_status":"","sticky":false,"template":"","format":"standard","meta":{"footnotes":""},"categories":[2820],"tags":[1111,11,2389,2649,2880,1777,674,1011,27,329,775,1792,12,25,517,640,2879],"class_list":{"0":"post-127737","1":"post","2":"type-post","3":"status-publish","4":"format-standard","5":"has-post-thumbnail","7":"category-strasbourg","8":"tag-actu","9":"tag-actualites","10":"tag-alsace","11":"tag-bas-rhin","12":"tag-edition-strasbourg","13":"tag-eu","14":"tag-europe","15":"tag-fr","16":"tag-france","17":"tag-france-monde","18":"tag-grand-est","19":"tag-handball","20":"tag-news","21":"tag-republique-francaise","22":"tag-sport","23":"tag-strasbourg","24":"tag-strasbourg-ville"},"share_on_mastodon":{"url":"https:\/\/pubeurope.com\/@fr\/114570394614546163","error":""},"_links":{"self":[{"href":"https:\/\/www.europesays.com\/fr\/wp-json\/wp\/v2\/posts\/127737","targetHints":{"allow":["GET"]}}],"collection":[{"href":"https:\/\/www.europesays.com\/fr\/wp-json\/wp\/v2\/posts"}],"about":[{"href":"https:\/\/www.europesays.com\/fr\/wp-json\/wp\/v2\/types\/post"}],"author":[{"embeddable":true,"href":"https:\/\/www.europesays.com\/fr\/wp-json\/wp\/v2\/users\/2"}],"replies":[{"embeddable":true,"href":"https:\/\/www.europesays.com\/fr\/wp-json\/wp\/v2\/comments?post=127737"}],"version-history":[{"count":0,"href":"https:\/\/www.europesays.com\/fr\/wp-json\/wp\/v2\/posts\/127737\/revisions"}],"wp:featuredmedia":[{"embeddable":true,"href":"https:\/\/www.europesays.com\/fr\/wp-json\/wp\/v2\/media\/127738"}],"wp:attachment":[{"href":"https:\/\/www.europesays.com\/fr\/wp-json\/wp\/v2\/media?parent=127737"}],"wp:term":[{"taxonomy":"category","embeddable":true,"href":"https:\/\/www.europesays.com\/fr\/wp-json\/wp\/v2\/categories?post=127737"},{"taxonomy":"post_tag","embeddable":true,"href":"https:\/\/www.europesays.com\/fr\/wp-json\/wp\/v2\/tags?post=127737"}],"curies":[{"name":"wp","href":"https:\/\/api.w.org\/{rel}","templated":true}]}}