{"id":127744,"date":"2025-05-25T20:41:35","date_gmt":"2025-05-25T20:41:35","guid":{"rendered":"https:\/\/www.europesays.com\/fr\/127744\/"},"modified":"2025-05-25T20:41:35","modified_gmt":"2025-05-25T20:41:35","slug":"huit-condamnes-par-la-justice-sur-la-scene-de-lopera-de-bordeaux-tres-peu-de-gens-nous-donneraient-une-deuxieme-chance","status":"publish","type":"post","link":"https:\/\/www.europesays.com\/fr\/127744\/","title":{"rendered":"Huit condamn\u00e9s par la justice sur la sc\u00e8ne de l&rsquo;Op\u00e9ra de Bordeaux : \u00ab\u00a0Tr\u00e8s peu de gens nous donneraient une deuxi\u00e8me chance\u00a0\u00bb"},"content":{"rendered":"<p class=\"wp-block-post-excerpt__excerpt\">Huit personnes plac\u00e9es sous main de justice ont particip\u00e9 \u00e0 une adaptation de l\u2019unique op\u00e9ra de Beethoven, Fidelio. Une exp\u00e9rience \u00e0 la fois artistique et de r\u00e9insertion, port\u00e9e par l\u2019Op\u00e9ra National de Bordeaux en partenariat avec le SPIP. Deux condamn\u00e9s t\u00e9moignent et y voient \u00ab\u00a0une marche vers un avenir meilleur\u00a0\u00bb. <\/p>\n<p><a href=\"https:\/\/rue89bordeaux.com\/category\/kiosque-abonne\/\" rel=\"tag noopener\" target=\"_blank\">\u00c9dition abonn\u00e9s<\/a>, <a href=\"https:\/\/rue89bordeaux.com\/category\/temoignage\/\" rel=\"tag noopener\" target=\"_blank\">T\u00e9moignage<\/a><\/p>\n<p>Walid Salem<\/p>\n<p>Publi\u00e9 le 23 mai 2025\u00a0\u00a0\u00b7\u00a0\u00a0<\/p>\n<p>Imprim\u00e9 le 25 mai 2025 \u00e0 22h41\u00a0\u00a0\u00b7\u00a0\u00a0<\/p>\n<p>\t\t\t\t\t8\u00a0minutes\n<\/p>\n<blockquote class=\"wp-block-quote is-layout-flow wp-block-quote-is-layout-flow\">\n<p>\u00ab\u00a0On a eu une premi\u00e8re r\u00e9union de 10 minutes. Quand on est revenus une semaine apr\u00e8s, on nous a accueilli chacun par nos pr\u00e9noms. J\u2019ai trouv\u00e9 \u00e7a incroyablement attentionn\u00e9\u2026\u00a0\u00bb, raconte d\u2019une voix rauque Pacha, un quinquag\u00e9naire condamn\u00e9 par la justice et suivi en milieu libre. <\/p>\n<\/blockquote>\n<blockquote class=\"wp-block-quote is-layout-flow wp-block-quote-is-layout-flow\">\n<p>\u00ab\u00a0Je pense que tr\u00e8s peu de gens nous donneraient une deuxi\u00e8me chance pareille, quel que soit le crime qu\u2019on a commis\u00a0\u00bb, ajoute d\u2019une voix \u00e9prouv\u00e9e Ima, un autre condamn\u00e9 en milieu libre, la quarantaine pass\u00e9e.<\/p>\n<\/blockquote>\n<p>Pacha et Ima (pseudonymes) font partie d\u2019un groupe de huit condamn\u00e9s, une femme et sept hommes, participant \u00e0 l\u2019op\u00e9ra Fidelio, production de l\u2019Op\u00e9ra de Bordeaux mise en sc\u00e8ne par Valentine Carrasco. Outre l\u2019audace de transposer l\u2019unique op\u00e9ra de Beethoven \u00e0 la p\u00e9riode de l\u2019Occupation allemande, cette cr\u00e9ation signe une premi\u00e8re collaboration de ce genre avec le SPIP (service p\u00e9nitentiaire d\u2019insertion et de probation).<\/p>\n<p>\t\tLe regard des autres<\/p>\n<blockquote class=\"wp-block-quote is-layout-flow wp-block-quote-is-layout-flow\">\n<p>\u00ab\u00a0Je n\u2019\u00e9tais pas sp\u00e9cialement motiv\u00e9 pour y participer parce que j\u2019\u00e9tais dans les tr\u00e9fonds de la d\u00e9pression. Me lever, bouger, aller faire quelque chose comme \u00e7a tous les jours, c\u2019\u00e9tait au dessus de mes forces\u00a0\u00bb, poursuit Ima.<\/p>\n<\/blockquote>\n<p>Ima craint \u00ab\u00a0le regard des autres\u00a0\u00bb, qu\u2019il \u00e9vite depuis sa condamnation. La r\u00e9ticence principale de ce p\u00e8re de famille \u00ab\u00a0\u00e9tait de voir des gens qui savent, ils vous regardent et m\u00eame s\u2019ils sourient, vous \u00eates \u00e0 nouveau jug\u00e9\u00a0\u00bb. Des situations qu\u2019il a \u00ab\u00a0fuies pendant 5-6 ans\u00a0\u00bb.<\/p>\n<p>C\u2019est finalement ses enfants, 13 et 15 ans, qui parviennent \u00e0 le convaincre. Ils savent son int\u00e9r\u00eat pour l\u2019Histoire, le poids de son enfermement, et \u00ab\u00a0ce serait justement pas mal de se bouger un peu\u00a0\u00bb.<\/p>\n<p>Pacha, lui, est preneur de ces occasions qui \u00ab\u00a0all\u00e8gent les travaux d\u2019int\u00e9r\u00eat g\u00e9n\u00e9ral\u00a0\u00bb. Pour ce natif de Cannes, \u00ab\u00a0le cin\u00e9ma, l\u2019art, la com\u00e9die, les artistes, tout \u00e7a, il a toujours connu depuis tout gamin\u00a0\u00bb. Ce \u00ab\u00a0lien\u00a0\u00bb l\u2019a suivi au fil du temps, depuis \u00ab\u00a0les quartiers o\u00f9 on faisait des pi\u00e8ces avec des r\u00f4les et des imitations\u00a0\u00bb.<\/p>\n<p>\u00ab\u00a0Mon fr\u00e8re a jou\u00e9 dans une s\u00e9rie pour France 3 et j\u2019ai jou\u00e9 dans un court-m\u00e9trage en 1995 \u00e0 Londres\u00a0\u00bb, ajoute-t-il. Et \u00ab\u00a0cette occasion \u00e0 l\u2019Op\u00e9ra m\u2019a permis de lever des barri\u00e8res\u00a0\u00bb.<\/p>\n<blockquote class=\"wp-block-quote is-layout-flow wp-block-quote-is-layout-flow\">\n<p>\u00ab\u00a0J\u2019avais le trac, dit-il. Plusieurs fois je me suis dis mais qu\u2019est-ce que tu fous l\u00e0 ? Comment je vais faire face au public ? Pourquoi j\u2019ai accept\u00e9 \u00e7a ? Mais \u00e7a n\u2019a pas dur\u00e9 longtemps. On a \u00e9t\u00e9 aussit\u00f4t embarqu\u00e9s dans un programme tr\u00e8s bien fait pour nous mettre \u00e0 l\u2019aise.\u00a0\u00bb<\/p>\n<\/blockquote>\n<p><img loading=\"lazy\" decoding=\"async\" width=\"480\" height=\"480\" src=\"https:\/\/www.europesays.com\/fr\/wp-content\/uploads\/2025\/04\/23-paywall.png\" alt=\"Abonnez-vous\" class=\"wp-image-128439\" style=\"aspect-ratio:1;width:210px;height:auto\"  \/><\/p>\n<p>Cet article fait partie de l\u2019\u00e9dition abonn\u00e9s. Pour lire la suite, profitez d\u2019une offre d\u00e9couverte \u00e0 1\u20ac.<\/p>\n<p class=\"has-gray-700-color has-text-color has-medium-font-size\">Contribuez \u00e0 consolider un m\u00e9dia ind\u00e9pendant \u00e0 Bordeaux, en capacit\u00e9 d\u2019enqu\u00eater sur les enjeux locaux.<\/p>\n<p>\t\t\t<a href=\"https:\/\/rue89bordeaux.com\/\" class=\"custom-logo-link\" rel=\"home noopener\" target=\"_blank\"><img loading=\"lazy\" decoding=\"async\" width=\"290\" height=\"49\" src=\"https:\/\/www.europesays.com\/fr\/wp-content\/uploads\/2025\/04\/logo.png\" class=\"custom-logo\" alt=\"Rue89Bordeaux Enqu\u00eates et informations de proximit\u00e9\"  \/><\/a><\/p>\n<p>\n\t\t\t\tAbonnez-vous maintenant pour suivre l\u2019actualit\u00e9 locale.\t\t\t<\/p>\n<p class=\"font-bold font-serif-heading mb-2 text-4xl\">\n\t\t\t\t\t\tL\u2019investigation locale \u00e0 port\u00e9e de main.\n\t\t\t\t\t<\/p>\n<p>\n\t\t\t\t\t\tAbonnez-vous et profitez d\u2019un acc\u00e8s illimit\u00e9 \u00e0 Rue89Bordeaux. Annulez quand vous voulez.\n\t\t\t\t\t<\/p>\n<p class=\"xl:text-sm\">\n\t\t\t\t\tD\u00e9j\u00e0 abonn\u00e9\u00a0?<br \/>\n\t\t\t\t\t<a class=\"border border-transparent text-center transition-colors duration-instant focus:border-info focus:rounded focus:shadow-focus cursor-pointer text-black hover:text-gray-700 active:bg-black-700 font-semibold inline-block\" href=\"https:\/\/rue89bordeaux.com\/user\/login\/?redirect=\/2025\/05\/huit-condamnes-par-la-justice-figurants-a-lopera-de-bordeaux-tres-peu-de-gens-nous-donneraient-une-deuxieme-chance\/\" target=\"_blank\" rel=\"noopener\">Connectez-vous<\/a>\t\t\t\t<\/p>\n<p>\n\t\t\t\tChoisissez votre formule\u00a0:\n\t\t\t<\/p>\n<p>\t\t\t\tFermer<\/p>\n","protected":false},"excerpt":{"rendered":"Huit personnes plac\u00e9es sous main de justice ont particip\u00e9 \u00e0 une adaptation de l\u2019unique op\u00e9ra de Beethoven, Fidelio.&hellip;\n","protected":false},"author":2,"featured_media":127745,"comment_status":"","ping_status":"","sticky":false,"template":"","format":"standard","meta":{"footnotes":""},"categories":[2817],"tags":[1111,11,1997,251,1777,674,1011,27,12,2219,7165,25131,25132,25,25133],"class_list":{"0":"post-127744","1":"post","2":"type-post","3":"status-publish","4":"format-standard","5":"has-post-thumbnail","7":"category-bordeaux","8":"tag-actu","9":"tag-actualites","10":"tag-bordeaux","11":"tag-culture","12":"tag-eu","13":"tag-europe","14":"tag-fr","15":"tag-france","16":"tag-news","17":"tag-nouvelle-aquitaine","18":"tag-opera","19":"tag-opera-national-de-bordeaux","20":"tag-reinsertion","21":"tag-republique-francaise","22":"tag-spip"},"share_on_mastodon":{"url":"https:\/\/pubeurope.com\/@fr\/114570414384381111","error":""},"_links":{"self":[{"href":"https:\/\/www.europesays.com\/fr\/wp-json\/wp\/v2\/posts\/127744","targetHints":{"allow":["GET"]}}],"collection":[{"href":"https:\/\/www.europesays.com\/fr\/wp-json\/wp\/v2\/posts"}],"about":[{"href":"https:\/\/www.europesays.com\/fr\/wp-json\/wp\/v2\/types\/post"}],"author":[{"embeddable":true,"href":"https:\/\/www.europesays.com\/fr\/wp-json\/wp\/v2\/users\/2"}],"replies":[{"embeddable":true,"href":"https:\/\/www.europesays.com\/fr\/wp-json\/wp\/v2\/comments?post=127744"}],"version-history":[{"count":0,"href":"https:\/\/www.europesays.com\/fr\/wp-json\/wp\/v2\/posts\/127744\/revisions"}],"wp:featuredmedia":[{"embeddable":true,"href":"https:\/\/www.europesays.com\/fr\/wp-json\/wp\/v2\/media\/127745"}],"wp:attachment":[{"href":"https:\/\/www.europesays.com\/fr\/wp-json\/wp\/v2\/media?parent=127744"}],"wp:term":[{"taxonomy":"category","embeddable":true,"href":"https:\/\/www.europesays.com\/fr\/wp-json\/wp\/v2\/categories?post=127744"},{"taxonomy":"post_tag","embeddable":true,"href":"https:\/\/www.europesays.com\/fr\/wp-json\/wp\/v2\/tags?post=127744"}],"curies":[{"name":"wp","href":"https:\/\/api.w.org\/{rel}","templated":true}]}}