{"id":12775,"date":"2025-04-09T13:56:11","date_gmt":"2025-04-09T13:56:11","guid":{"rendered":"https:\/\/www.europesays.com\/fr\/12775\/"},"modified":"2025-04-09T13:56:11","modified_gmt":"2025-04-09T13:56:11","slug":"un-rapport-denquete-devoile-les-causes-de-la-mort-de-plusieurs-orques-de-marineland-des-platitudes-denonce-one-voice","status":"publish","type":"post","link":"https:\/\/www.europesays.com\/fr\/12775\/","title":{"rendered":"Un rapport d&rsquo;enqu\u00eate d\u00e9voile les causes de la mort de plusieurs orques de Marineland, \u00ab\u00a0des platitudes\u00a0\u00bb d\u00e9nonce One Voice"},"content":{"rendered":"<p>Dans le feuilleton Marineland, le parc marin antibois ferm\u00e9 depuis trois mois, l\u2019expertise judiciaire demand\u00e9e par One Voice sur les conditions de vie des orques antiboises \u00e9tait tr\u00e8s attendue. Et ses conclusions viennent de faire l\u2019effet d\u2019une bombe.<\/p>\n<p>Selon les deux experts ind\u00e9pendants mandat\u00e9s par le tribunal, <a href=\"https:\/\/www.nicematin.com\/vie-locale\/marineland-une-expertise-assure-que-les-orques-sont-traitees-aussi-bien-que-possible-981298\" target=\"_blank\" rel=\"noopener\">les orques sont en bonne sant\u00e9<\/a>. Si Moana est morte, c\u2019est par ce qu\u2019elle aurait ing\u00e9r\u00e9 du poisson contamin\u00e9 par une bact\u00e9rie. Pour Inouk ce serait un bout de fer. Rien \u00e0 voir donc avec leur \u00e9tat de sant\u00e9.<\/p>\n<p>Quant \u00e0 Wikie et Keijo elles sont suivies de pr\u00e8s et en bonne sant\u00e9. Ce qui pourrait leur manquer? Des spectacles qui seraient utiles \u00e0 leur d\u00e9veloppement&#8230;<\/p>\n<p>De quoi remettre en question tout l\u2019argumentaire qui a conduit \u00e0 \u00e9dicter une loi sur l\u2019interdiction des spectacles de c\u00e9tac\u00e9s dans les delphinariums. Une loi qui entrera en vigueur en 2026 et qui est \u00e0 l\u2019origine de la fermeture du parc antibois. Et de ce naufrage dont pourraient \u00eatre victimes, cette fois-ci pour de bon, les orques et les dauphins dont le sort n\u2019est toujours scell\u00e9 tant d\u2019ann\u00e9es apr\u00e8s.<\/p>\n<p>Sur la qualit\u00e9 de l\u2019eau et les installations<\/p>\n<p>Alors que dit ce rapport? Selon les deux experts, les conditions de vie des orques d\u00e9tenues dans les bassins de Marineland sont conformes aux normes en vigueur. \u00ab\u00a0Les installations actuelles et la qualit\u00e9 de l\u2019eau restent compatibles avec les normes sanitaires minimales pour le bien-\u00eatre des orques d\u00e8s lors qu\u2019elles sont maintenues au niveau d\u2019exigence actuel pr\u00e9vu par les textes r\u00e9gissant ce type de centre\u00a0\u00bb, \u00e9crivent les deux experts.<\/p>\n<p>Sur l\u2019\u00e9tat de sant\u00e9 des orques<\/p>\n<p>Les experts se sont aussi pench\u00e9s sur le d\u00e9c\u00e8s de Moana et Inouk, \u00e0 cinq mois d\u2019intervalle. Concernant Moana, d\u00e9c\u00e9d\u00e9e en octobre 2023, ils notent que \u00ab\u00a0le r\u00e9sultat principal de l\u2019autopsie de Moana est la d\u00e9couverte d\u2019une septic\u00e9mie suraigu\u00eb \u00e0 Erysipelothrix rhusiopathiae comme cause de d\u00e9c\u00e8s\u00a0\u00bb. Selon eux, l\u2019origine de cette infection \u00e0 l\u2019origine de la mort de Moana pourrait \u00eatre due \u00e0 \u00ab\u00a0l\u2019ingestion de poisson contamin\u00e9\u00a0\u00bb. Pour Inouk, qui est d\u00e9c\u00e9d\u00e9e le 28 mars 2024, la cause de la mort est \u00ab\u00a0une ent\u00e9rite focale et une p\u00e9ritonite fibrino-suppur\u00e9es subaigu\u00ebs, secondaires \u00e0 un corps \u00e9tranger m\u00e9tallique intestinal (&#8230;). L\u2019origine de ce corps \u00e9tranger n\u2019a pas \u00e9t\u00e9 identifi\u00e9e par les \u00e9quipes du Marineland.\u00a0\u00bb<\/p>\n<p>L\u2019expertise a \u00e9galement concern\u00e9 les deux derni\u00e8res orques en vie. <a href=\"https:\/\/www.nicematin.com\/animaux\/enceinte-ou-malade-one-voice-ecrit-au-ministere-pour-alerter-sur-la-prise-de-poids-de-l-une-des-orques-de-marineland-un-rassemblement-prevu-samedi-devant-le-parc-973556\" target=\"_blank\" rel=\"noopener\">Pour Wikie et Keijo<\/a>, des analyses r\u00e9guli\u00e8res ont \u00e9t\u00e9 effectu\u00e9es entre f\u00e9vrier 2023 et mai 2024. Pour Moana, \u00ab\u00a0elles ont g\u00e9n\u00e9ralement conclu \u00e0 des \u00e9chantillons normaux et n\u2019ont pas r\u00e9v\u00e9l\u00e9 d\u2019anomalies significatives en h\u00e9matologie, biochimie ou s\u00e9rologie. Les soins dentaires r\u00e9guliers et la prescription d\u2019un traitement hormonal sp\u00e9cifique sont \u00e9galement des \u00e9l\u00e9ments significatifs de son suivi de sant\u00e9\u00a0\u00bb.<\/p>\n<p>Pour Keijo \u00ab\u00a0en novembre 2023, une suspicion de clostridiose intestinale a \u00e9t\u00e9 \u00e9voqu\u00e9e et un traitement mis en place. Des \u00e9pisodes d\u2019app\u00e9tit r\u00e9duit ont \u00e9t\u00e9 not\u00e9s, mais sans anomalies majeures aux analyses sanguines de routine (&#8230;) Des soins dentaires r\u00e9guliers pr\u00e9ventifs \u00e0 vis\u00e9e protectrice sont \u00e9galement prodigu\u00e9s.\u00a0\u00bb<\/p>\n<p>Sur les spectacles<\/p>\n<p>Enfin, les experts se sont pench\u00e9s sur les spectacles des orques qui se sont tenus jusqu\u2019au mois de janvier dernier, date de fermeture du parc. Leurs conclusions mettent en avant qu\u2019ils constituaient \u00ab\u00a0des d\u00e9rivatifs comportementaux et stimuli utiles, qui permettent aux orques d\u2019augmenter leur registre comportemental.\u00a0\u00bb Ils poursuivent: \u00ab\u00a0L\u2019examen des r\u00e9sultats des bilans cliniques et biologiques de Wikie et Keijo permet de conclure qu\u2019une activit\u00e9 de type spectacle ou le medical training sont possibles. Supprimer les spectacles ou entra\u00eenements, limiter les interactions avec les soigneurs entra\u00eeneront probablement une aggravation des troubles de type st\u00e9r\u00e9otypie, voire provoqueront peut-\u00eatre des attitudes anxieuses, d\u00e9pressives ou agressives.\u00a0\u00bb<\/p>\n<p>\u00ab\u00a0Ces conclusions n\u2019ont rien de surprenant\u00a0\u00bb, dit le parc<\/p>\n<p>\u00ab\u00a0Ce n\u2019est vraiment pas une surprise, a comment\u00e9 ce mardi le parc qui est toujours dans l\u2019attente d\u2019un retour du gouvernement sur ces demandes de transferts des orques dans un parc de loisirs de Tenerife aux Canaries et des dauphins au delphinarium, ferm\u00e9 au public, de Madrid. Il y a eu de nombreuses expertises et toutes ont donn\u00e9 les m\u00eames r\u00e9sultats: les orques sont en bonne sant\u00e9 et elles sont bien trait\u00e9es dans leur structure.\u00a0\u00bb<\/p>\n<p>\u00ab\u00a0Par ailleurs, ajoute Marineland, cette expertise confirme aussi ce que nous disions depuis toujours: il faut des spectacles pour stimuler les orques. La solution de transf\u00e9rer Wikie et Keijo dans le parc de Tenerife est donc bien la seule solution op\u00e9rationnelle \u00e0 ce jour.\u00a0\u00bb <\/p>\n<p>            \u00ab\u00a0Des platitudes\u00a0\u00bb d\u00e9nonce One Voice<\/p>\n<p>De son c\u00f4t\u00e9, One Voice d\u00e9nonce \u00ab\u00a084 pages de platitudes malgr\u00e9 des dysfonctionnements majeurs dans la gestion des orques au Marineland d\u2019Antibes\u00a0\u00bb.<\/p>\n<p>Il y a quelques jours dans nos colonnes, avant m\u00eame que les conclusions de ce rapport ne soient rendues publiques, la pr\u00e9sidente de One Voice Muriel Arnal confiait que \u00ab\u00a0deux de nos v\u00e9t\u00e9rinaires, les docteurs Gallejo et Perpi\u00f1an, participent aussi \u00e0 cette expertise et les documents auxquels nous avons eu acc\u00e8s dans le cadre de cette expertise r\u00e9v\u00e8lent les souffrances intenses, chroniques et permanentes de Moana et Inouk avant qu\u2019elles ne meurent, tout comme celles de Wikie et Keijo aujourd\u2019hui.\u00a0\u00bb<\/p>\n<p>\u00ab\u00a0Wikie et Keijo en sursis\u00a0\u00bb<\/p>\n<p>Selon les deux v\u00e9t\u00e9rinaires de l\u2019association, les orques antiboises qui sont d\u00e9c\u00e9d\u00e9es \u00e9taient \u00ab\u00a0souffrantes et surm\u00e9dicament\u00e9es pendant des ann\u00e9es (&#8230;) en proie \u00e0 des infections bact\u00e9riennes difficiles \u00e0 traiter, des pertes de poids anormales et inqui\u00e9tantes et \u00e0 des douleurs dentaires s\u00e9v\u00e8res.\u00a0\u00bb<\/p>\n<p>Les deux v\u00e9t\u00e9rinaires de One Voice sont sans appel \u00ab\u00a0Wikie et Keijo sont en sursis. Manque d\u2019app\u00e9tit, manque d\u2019\u00e9nergie, probl\u00e8mes gastro-intestinaux, maladies dentaires (&#8230;) .\u00a0\u00bb Les experts de One Voice sont formels: \u00ab\u00a0Les orques ne doivent pas \u00eatre d\u00e9plac\u00e9es avant qu\u2019un bilan complet n\u2019ait \u00e9t\u00e9 r\u00e9alis\u00e9 et \u00e9valu\u00e9 par des experts ind\u00e9pendants\u00a0\u00bb. Et si on sanctuarisait le parc antibois?<\/p>\n","protected":false},"excerpt":{"rendered":"Dans le feuilleton Marineland, le parc marin antibois ferm\u00e9 depuis trois mois, l\u2019expertise judiciaire demand\u00e9e par One Voice&hellip;\n","protected":false},"author":2,"featured_media":12776,"comment_status":"","ping_status":"","sticky":false,"template":"","format":"standard","meta":{"footnotes":""},"categories":[4],"tags":[11,1867,436,332,1011,27,12,25],"class_list":{"0":"post-12775","1":"post","2":"type-post","3":"status-publish","4":"format-standard","5":"has-post-thumbnail","7":"category-france","8":"tag-actualites","9":"tag-animaux","10":"tag-environnement","11":"tag-faits-de-societe","12":"tag-fr","13":"tag-france","14":"tag-news","15":"tag-republique-francaise"},"share_on_mastodon":{"url":"https:\/\/pubeurope.com\/@fr\/114308355472806148","error":""},"_links":{"self":[{"href":"https:\/\/www.europesays.com\/fr\/wp-json\/wp\/v2\/posts\/12775","targetHints":{"allow":["GET"]}}],"collection":[{"href":"https:\/\/www.europesays.com\/fr\/wp-json\/wp\/v2\/posts"}],"about":[{"href":"https:\/\/www.europesays.com\/fr\/wp-json\/wp\/v2\/types\/post"}],"author":[{"embeddable":true,"href":"https:\/\/www.europesays.com\/fr\/wp-json\/wp\/v2\/users\/2"}],"replies":[{"embeddable":true,"href":"https:\/\/www.europesays.com\/fr\/wp-json\/wp\/v2\/comments?post=12775"}],"version-history":[{"count":0,"href":"https:\/\/www.europesays.com\/fr\/wp-json\/wp\/v2\/posts\/12775\/revisions"}],"wp:featuredmedia":[{"embeddable":true,"href":"https:\/\/www.europesays.com\/fr\/wp-json\/wp\/v2\/media\/12776"}],"wp:attachment":[{"href":"https:\/\/www.europesays.com\/fr\/wp-json\/wp\/v2\/media?parent=12775"}],"wp:term":[{"taxonomy":"category","embeddable":true,"href":"https:\/\/www.europesays.com\/fr\/wp-json\/wp\/v2\/categories?post=12775"},{"taxonomy":"post_tag","embeddable":true,"href":"https:\/\/www.europesays.com\/fr\/wp-json\/wp\/v2\/tags?post=12775"}],"curies":[{"name":"wp","href":"https:\/\/api.w.org\/{rel}","templated":true}]}}