{"id":127752,"date":"2025-05-25T20:46:25","date_gmt":"2025-05-25T20:46:25","guid":{"rendered":"https:\/\/www.europesays.com\/fr\/127752\/"},"modified":"2025-05-25T20:46:25","modified_gmt":"2025-05-25T20:46:25","slug":"bruce-springsteen-mele-rock-et-message-politique-contre-trump-lors-dun-concert-survolte-a-lille","status":"publish","type":"post","link":"https:\/\/www.europesays.com\/fr\/127752\/","title":{"rendered":"Bruce Springsteen m\u00eale rock et message politique contre Trump lors d&rsquo;un concert survolt\u00e9 \u00e0 Lille"},"content":{"rendered":"<p>\u00ab\u00a0Administration corrompue\u00a0\u00bb<\/p>\n<p class=\"ap-StoryElement ap-StoryElement--mb ap-StoryText\">Si les derni\u00e8res visites chez nous, (<a href=\"https:\/\/www.lalibre.be\/culture\/musique\/2024\/07\/03\/bruce-springsteen-a-werchter-le-boss-nous-a-rendus-heureux-detre-en-vie-TLEGBZ65JREEPMQHTYZNAMQJVU\/\" target=\"_blank\" rel=\"noopener\">\u00e0 Werchter en 2023 et 2024<\/a>) avaient \u00e9t\u00e9 plac\u00e9es sous le signe de la c\u00e9l\u00e9bration des amis disparus et de la vie qui continue, ce nouveau p\u00e9riple sur le Vieux Continent est clairement marqu\u00e9 par l&rsquo;engagement et la col\u00e8re. Et pour \u00eatre certain que son message soit bien compris, Springsteen n&rsquo;a pas h\u00e9sit\u00e9 \u00e0 faire appara\u00eetre des sous-titres en fran\u00e7ais sur les \u00e9crans g\u00e9ants lors de ses prises de parole. Avec subtilit\u00e9, il ne cite jamais Trump nomm\u00e9ment, mais s&rsquo;attaque frontalement \u00e0 sa politique. Avant m\u00eame d&rsquo;ouvrir le concert avec un puissant No Surrender (\u00ab\u00a0pas de reddition\u00a0\u00bb ), il donne ainsi le ton: \u00ab\u00a0Chez moi, l&rsquo;Am\u00e9rique que j&rsquo;aime, celle qui a \u00e9t\u00e9 un phare d&rsquo;espoir et de libert\u00e9 pendant 250 ans, est actuellement entre les mains d&rsquo;une administration corrompue, incomp\u00e9tente et tra\u00eetresse.\u00a0\u00bb<\/p>\n<p><a href=\"https:\/\/www.lalibre.be\/international\/amerique\/2025\/05\/15\/corrompue-incompetente-et-traitresse-bruce-springsteen-ne-mache-pas-ses-mots-sur-ladministration-trump-DCCYCGSAZFA4JKEG3YDHCRP724\/\" target=\"_blank\" rel=\"noopener noreferrer\" class=\"ap-StoryInterstitialLink ap-StoryElement ap-StoryElement--mb\">\u00ab\u00a0Corrompue, incomp\u00e9tente et tra\u00eetresse\u00a0\u00bb : Bruce Springsteen ne m\u00e2che pas ses mots sur l&rsquo;administration Trump<\/a>\u00ab\u00a0C&rsquo;est vous et moi\u00a0\u00bb<\/p>\n<p class=\"ap-StoryElement ap-StoryElement--mb ap-StoryText\">Plus loin dans un show dont l&rsquo;intensit\u00e9 n&rsquo;a jamais baiss\u00e9, il fera encore r\u00e9sonner le vent de la r\u00e9volte et la libert\u00e9. \u00ab\u00a0Au moment o\u00f9 je vous parle, <a href=\"https:\/\/www.lalibre.be\/belgique\/2025\/05\/23\/interdiction-des-etudiants-etrangers-a-harvard-la-princesse-elisabeth-pourrait-ne-pas-etre-concernee-par-la-mesure-XGPWLJRXQBDXDAF3H5BMCXHUOQ\/\" target=\"_blank\" rel=\"noopener\">\u00ab\u00a0ils\u00a0\u00bb coupent les financements aux universit\u00e9s am\u00e9ricaines<\/a> qui ne se plient pas \u00e0 leurs exigences id\u00e9ologiques. Ils enl\u00e8vent des r\u00e9sidents des rues am\u00e9ricaines et les expulsent sans respecter les proc\u00e9dures l\u00e9gales. Le dernier contr\u00f4le du pouvoir apr\u00e8s que les freins et contrepoids du gouvernement ont \u00e9chou\u00e9, c&rsquo;est le peuple. C&rsquo;est vous et moi.\u00a0\u00bb<\/p>\n<p>Sinc\u00e8re et limpide<\/p>\n<p class=\"ap-StoryElement ap-StoryElement--mb ap-StoryText\">Ces messages r\u00e9p\u00e9t\u00e9s \u00e0 chaque concert et relay\u00e9s sur sa cha\u00eene YouTube, n&rsquo;ont pas tard\u00e9 \u00e0 faire r\u00e9agir Trump. Bien qu&rsquo;ils soient lanc\u00e9s depuis l&rsquo;Europe -Springsteen n&rsquo;ayant plus tourn\u00e9 aux \u00c9tats-Unis depuis l&rsquo;investiture de Trump-, ils s&rsquo;adressent d&rsquo;abord \u00e0 son public am\u00e9ricain. Ils ne sont finalement que des rappels de tout ce que le songwirter a mis dans ses chansons depuis son premier album \u00ab\u00a0Greetings from Asbury Park, N.J.\u00a0\u00bb paru en 1973. Sinc\u00e8res, lucides et limpides, ils ne g\u00e2chent en rien la f\u00eate rock and roll, totale une fois encore ce week-end aux portes de la Belgique.<\/p>\n<p>Born In The Usa<\/p>\n<p class=\"ap-StoryElement ap-StoryElement--mb ap-StoryText\">Par rapport \u00e0 ses deux concerts de Werchter en 2023 et 2024, le final explosif ne change pas avec un \u00ab\u00a0faux\u00a0\u00bb et long rappel o\u00f9 Bruce et son E Street Band encha\u00eenent <a href=\"https:\/\/www.lalibre.be\/international\/2004\/10\/20\/born-in-the-usa-les-vrais-S2CHO2POBRCXBJE6ER3T3Y66YM\/\" target=\"_blank\" rel=\"noopener\">Born In The Usa<\/a>, Born To Run ou encore l&rsquo;h\u00e9doniste Dancing in The Dark. Bruce a toujours sa voix. L&rsquo;\u00e9nergie est intacte. Il ne court plus. Il marche mais il va toujours prendre le pouls de son public en longeant les premiers rangs. Certains titres, bien que familiers, prennent une r\u00e9sonance nouvelle dans le contexte politique actuel. On pense \u00e0 Land Of Hope and Dreams, bien s\u00fbr, mais aussi \u00e0 Death To My Hometown, My City Of Ruins ou au plus rare Rainmaker. Tir\u00e9e de l&rsquo;album \u00ab\u00a0Letter To You (2020)\u00a0\u00bb, cette chanson \u00e9voquant un dictateur a \u00e9t\u00e9 d\u00e9di\u00e9e \u00ab\u00a0\u00e0 notre cher dirigeant\u00a0\u00bb.<\/p>\n<p class=\"ap-StoryElement ap-StoryElement--mb ap-StoryText\">Sublim\u00e9e par un solo de guitare majestueux de Nils Lofgren, sa magnifique version de Because The Night, titre offert jadis \u00e0 Patti Smith, est sans doute le plus beau message d&rsquo;espoir et d&rsquo;abandon d\u00e9livr\u00e9 dans de telles circonstances. \u00ab\u00a0Parce que la nuit appartient au d\u00e9sir. Parce que la nuit appartient aux amants\u00a0\u00bb. Le moment \u00ab\u00a0climax\u00a0\u00bb de la soir\u00e9e pour nous avec l&rsquo;encha\u00eenement magistral de Hungry Heart, The River et Youngstown. Bruce Springsteen \u00e9 The Street donnent un second concert au stade Mauroy de Lille ce 27 mai.<\/p>\n<p class=\"ap-StoryElement ap-StoryElement--mb ap-StoryText\"><b>Il reste des places. <\/b><a href=\"http:\/\/www.stade-pierre-mauroy.com\/\" target=\"_blank\" rel=\"noopener\"><b>www.stade-pierre-mauroy.com<\/b><\/a><\/p>\n<p><a href=\"https:\/\/www.lalibre.be\/culture\/musique\/2025\/05\/18\/bruce-springsteen-born-in-the-usa-est-une-chanson-qui-a-toujours-du-sens-aujourdhui-7GPSC6C35JCZBPGCTOGMRYFZGA\/\" target=\"_blank\" rel=\"noopener noreferrer\" class=\"ap-StoryInterstitialLink ap-StoryElement ap-StoryElement--mb\">Bruce Springsteen: \u00ab\u00a0&lsquo;Born In The USA&rsquo; est une chanson qui a toujours du sens aujourd&rsquo;hui\u00a0\u00bb<\/a><\/p>\n","protected":false},"excerpt":{"rendered":"\u00ab\u00a0Administration corrompue\u00a0\u00bb Si les derni\u00e8res visites chez nous, (\u00e0 Werchter en 2023 et 2024) avaient \u00e9t\u00e9 plac\u00e9es sous&hellip;\n","protected":false},"author":2,"featured_media":127753,"comment_status":"","ping_status":"","sticky":false,"template":"","format":"standard","meta":{"footnotes":""},"categories":[2815],"tags":[1111,11,20076,9012,9013,1697,1777,674,1011,27,9017,811,1227,1307,1361,12,25,9028],"class_list":{"0":"post-127752","1":"post","2":"type-post","3":"status-publish","4":"format-standard","5":"has-post-thumbnail","7":"category-lille","8":"tag-actu","9":"tag-actualites","10":"tag-arts-culture-and-entertainment","11":"tag-bestof","12":"tag-color-image","13":"tag-concert","14":"tag-eu","15":"tag-europe","16":"tag-fr","17":"tag-france","18":"tag-gettyimagerank1","19":"tag-hauts-de-france","20":"tag-horizontal","21":"tag-lille","22":"tag-music","23":"tag-news","24":"tag-republique-francaise","25":"tag-topix"},"share_on_mastodon":{"url":"https:\/\/pubeurope.com\/@fr\/114570433863908898","error":""},"_links":{"self":[{"href":"https:\/\/www.europesays.com\/fr\/wp-json\/wp\/v2\/posts\/127752","targetHints":{"allow":["GET"]}}],"collection":[{"href":"https:\/\/www.europesays.com\/fr\/wp-json\/wp\/v2\/posts"}],"about":[{"href":"https:\/\/www.europesays.com\/fr\/wp-json\/wp\/v2\/types\/post"}],"author":[{"embeddable":true,"href":"https:\/\/www.europesays.com\/fr\/wp-json\/wp\/v2\/users\/2"}],"replies":[{"embeddable":true,"href":"https:\/\/www.europesays.com\/fr\/wp-json\/wp\/v2\/comments?post=127752"}],"version-history":[{"count":0,"href":"https:\/\/www.europesays.com\/fr\/wp-json\/wp\/v2\/posts\/127752\/revisions"}],"wp:featuredmedia":[{"embeddable":true,"href":"https:\/\/www.europesays.com\/fr\/wp-json\/wp\/v2\/media\/127753"}],"wp:attachment":[{"href":"https:\/\/www.europesays.com\/fr\/wp-json\/wp\/v2\/media?parent=127752"}],"wp:term":[{"taxonomy":"category","embeddable":true,"href":"https:\/\/www.europesays.com\/fr\/wp-json\/wp\/v2\/categories?post=127752"},{"taxonomy":"post_tag","embeddable":true,"href":"https:\/\/www.europesays.com\/fr\/wp-json\/wp\/v2\/tags?post=127752"}],"curies":[{"name":"wp","href":"https:\/\/api.w.org\/{rel}","templated":true}]}}