{"id":127756,"date":"2025-05-25T20:48:08","date_gmt":"2025-05-25T20:48:08","guid":{"rendered":"https:\/\/www.europesays.com\/fr\/127756\/"},"modified":"2025-05-25T20:48:08","modified_gmt":"2025-05-25T20:48:08","slug":"les-serbes-dub-remporte-le-titre-a-marseille-pour-la-deuxieme-fois-au-3x-festival","status":"publish","type":"post","link":"https:\/\/www.europesays.com\/fr\/127756\/","title":{"rendered":"les Serbes d&rsquo;UB remporte le titre \u00e0 Marseille pour la deuxi\u00e8me fois au 3X Festival"},"content":{"rendered":"<p>Organis\u00e9 par Oreca Events sous l&rsquo;\u00e9gide de la F\u00e9d\u00e9ration internationale de basketball (Fiba), <a href=\"https:\/\/www.laprovence.com\/article\/sports\/4110717910185214\/basket-le-3x3-conquiert-les-quartiers-de-marseille\" target=\"_blank\" rel=\"noopener\">le 3XFestival a rassembl\u00e9 pas moins de 18\u00a0500 spectateurs<\/a> au parc Chanot sur l&rsquo;ensemble du week-end. Le court central a affich\u00e9 complet tout au long de la comp\u00e9tition, tandis que le village du festival, rythm\u00e9 par de nombreuses animations et diff\u00e9rents tournois, a r\u00e9uni amateurs et passionn\u00e9s dans une ambiance festive m\u00ealant sport et convivialit\u00e9.<\/p>\n<p>Finale exp\u00e9ditive<\/p>\n<p>Emmen\u00e9s par leurs deux champions olympiques, les N\u00e9erlandais avaient \u00e0 c\u0153ur de prendre leur revanche. Battus en finale par les Serbes il y a deux ans, sur ce m\u00eame terrain, ils esp\u00e9raient inverser le sc\u00e9nario. Mais la finale n&rsquo;aura laiss\u00e9 que peu de place au doute. Dans ce format o\u00f9 les matches s&rsquo;interrompent d\u00e8s qu&rsquo;une \u00e9quipe atteint les 21 points, les Serbes d&rsquo;UB, port\u00e9s par un Strahinja Stojaci\u0107 imp\u00e9rial &#8211; \u00e9lu MVP du tournoi &#8211; ont rapidement pris le dessus. En \u00e0 peine huit minutes, ils se sont impos\u00e9s 22 \u00e0 15, s&rsquo;offrant ainsi un deuxi\u00e8me titre \u00e0 Marseille.<\/p>\n<p>\u00ab\u00a0C&rsquo;\u00e9tait un tournoi important pour nous. \u00c0 un mois de la Coupe du monde, s&rsquo;imposer ici, c&rsquo;est la meilleure fa\u00e7on de s&rsquo;y pr\u00e9parer\u00a0\u00bb, confiait leur entra\u00eeneur, \u00e0 la t\u00eate de l&rsquo;\u00e9quipe serbe depuis trois ans.<\/p>\n<p>Des Bleus stopp\u00e9s trop t\u00f4t<\/p>\n<p>Ils \u00e9taient venus \u00ab\u00a0marquer les esprits\u00a0\u00bb \u00e0 domicile. Mais l&rsquo;\u00e9quipe toulousaine, emmen\u00e9e par le vice-champion olympique et <a href=\"https:\/\/www.laprovence.com\/article\/sports\/2551441933198714\/basket-3x3-le-n-1-mondial-francais-tristan-seguela-veut-marquer-les-esprits-a-marseille-ce-week-end\" target=\"_blank\" rel=\"noopener\">nouveau num\u00e9ro un mondial Franck Seguela,<\/a> n&rsquo;a pas r\u00e9ussi \u00e0 franchir le cap des quarts de finale. Les Fran\u00e7ais ont \u00e9t\u00e9 \u00e9limin\u00e9s d&rsquo;un petit point par les Am\u00e9ricains de Miami, en d\u00e9but d&rsquo;apr\u00e8s-midi, au terme d&rsquo;un match \u00e0 rebondissements conclu sur un tir au buzzer, juste apr\u00e8s avoir repris l&rsquo;avantage.<\/p>\n<p>Une fin de match \u00e9lectrique, marqu\u00e9e par une tension palpable et quelques \u00e9changes muscl\u00e9s. \u00ab\u00a0Il y a eu un peu de chambrage et de trash-talking. Ils \u00e9taient contents d&rsquo;avoir gagn\u00e9 et il y a eu certains mots qui ont \u00e9t\u00e9 dits qui n&rsquo;\u00e9taient pas forc\u00e9ment top&#8230; Apr\u00e8s, je pense que c&rsquo;est plus de l&rsquo;humain qu&rsquo;autre chose. On reste juste des joueurs de basket\u00a0\u00bb, relativisait Jules Rambaut apr\u00e8s la rencontre.<\/p>\n<p>\u00ab\u00a0D\u00e9\u00e7us et frustr\u00e9s que l&rsquo;aventure s&rsquo;arr\u00eate si t\u00f4t\u00a0\u00bb<\/p>\n<p>Lucide sur la performance de son \u00e9quipe, Rambault reconna\u00eet que les Toulousains sont tomb\u00e9s sur plus forts\u00a0: \u00ab\u00a0Vu de l&rsquo;ext\u00e9rieur, je pense que c&rsquo;\u00e9tait un super match de 3&#215;3. Ils ont \u00e9t\u00e9 tr\u00e8s adroits, et on a peut-\u00eatre manqu\u00e9 un peu d&rsquo;agressivit\u00e9 face \u00e0 une grosse \u00e9quipe du World Tour, actuellement 4e au classement. Ils nous ont fait mal au rebond, avec des qualit\u00e9s athl\u00e9tiques un peu sup\u00e9rieures aux n\u00f4tres. On aurait d\u00fb davantage faire la diff\u00e9rence au sol. On est un peu d\u00e9\u00e7us et frustr\u00e9s que l&rsquo;aventure s&rsquo;arr\u00eate si t\u00f4t, on \u00e9tait venus avec d&rsquo;autres ambitions.\u00a0\u00bb<\/p>\n<p>Malgr\u00e9 la d\u00e9ception, le joueur toulousain a tenu \u00e0 souligner l&rsquo;ambiance exceptionnelle et le soutien du public tout au long du week-end\u00a0: \u00ab\u00a0C&rsquo;\u00e9tait g\u00e9nial de pouvoir jouer devant notre public. On sent que, depuis les Jeux, notre discipline progresse et attire de plus en plus de monde. En plus, on a eu la chance de faire venir pas mal de membres de nos familles, ainsi que les encadrants qui nous ont accompagn\u00e9s dans la construction de ce projet. C&rsquo;\u00e9tait une sorte de premi\u00e8re grande r\u00e9union de famille autour de cette \u00e9quipe, sur un tournoi.\u00a0\u00bb<\/p>\n","protected":false},"excerpt":{"rendered":"Organis\u00e9 par Oreca Events sous l&rsquo;\u00e9gide de la F\u00e9d\u00e9ration internationale de basketball (Fiba), le 3XFestival a rassembl\u00e9 pas&hellip;\n","protected":false},"author":2,"featured_media":127757,"comment_status":"","ping_status":"","sticky":false,"template":"","format":"standard","meta":{"footnotes":""},"categories":[2814],"tags":[17,24853,1111,11,1465,25135,1777,674,1011,27,151,884,12,882,6798,25,25134,60,11933],"class_list":{"0":"post-127756","1":"post","2":"type-post","3":"status-publish","4":"format-standard","5":"has-post-thumbnail","7":"category-marseille","8":"tag-17","9":"tag-3x3","10":"tag-actu","11":"tag-actualites","12":"tag-basket","13":"tag-dub","14":"tag-eu","15":"tag-europe","16":"tag-fr","17":"tag-france","18":"tag-les","19":"tag-marseille","20":"tag-news","21":"tag-provence-alpes-cote-dazur","22":"tag-remporte","23":"tag-republique-francaise","24":"tag-serbes","25":"tag-sports","26":"tag-titre"},"share_on_mastodon":{"url":"https:\/\/pubeurope.com\/@fr\/114570441814901187","error":""},"_links":{"self":[{"href":"https:\/\/www.europesays.com\/fr\/wp-json\/wp\/v2\/posts\/127756","targetHints":{"allow":["GET"]}}],"collection":[{"href":"https:\/\/www.europesays.com\/fr\/wp-json\/wp\/v2\/posts"}],"about":[{"href":"https:\/\/www.europesays.com\/fr\/wp-json\/wp\/v2\/types\/post"}],"author":[{"embeddable":true,"href":"https:\/\/www.europesays.com\/fr\/wp-json\/wp\/v2\/users\/2"}],"replies":[{"embeddable":true,"href":"https:\/\/www.europesays.com\/fr\/wp-json\/wp\/v2\/comments?post=127756"}],"version-history":[{"count":0,"href":"https:\/\/www.europesays.com\/fr\/wp-json\/wp\/v2\/posts\/127756\/revisions"}],"wp:featuredmedia":[{"embeddable":true,"href":"https:\/\/www.europesays.com\/fr\/wp-json\/wp\/v2\/media\/127757"}],"wp:attachment":[{"href":"https:\/\/www.europesays.com\/fr\/wp-json\/wp\/v2\/media?parent=127756"}],"wp:term":[{"taxonomy":"category","embeddable":true,"href":"https:\/\/www.europesays.com\/fr\/wp-json\/wp\/v2\/categories?post=127756"},{"taxonomy":"post_tag","embeddable":true,"href":"https:\/\/www.europesays.com\/fr\/wp-json\/wp\/v2\/tags?post=127756"}],"curies":[{"name":"wp","href":"https:\/\/api.w.org\/{rel}","templated":true}]}}