{"id":127761,"date":"2025-05-25T20:52:08","date_gmt":"2025-05-25T20:52:08","guid":{"rendered":"https:\/\/www.europesays.com\/fr\/127761\/"},"modified":"2025-05-25T20:52:08","modified_gmt":"2025-05-25T20:52:08","slug":"lettre-de-la-mere-delias-hotel-de-bernard-tapie-ratp-les-infos-du-week-end-en-ile-de-france","status":"publish","type":"post","link":"https:\/\/www.europesays.com\/fr\/127761\/","title":{"rendered":"Lettre de la m\u00e8re d&rsquo;\u00c9lias, h\u00f4tel de Bernard Tapie, RATP&#8230; Les infos du week-end en \u00cele-de-France"},"content":{"rendered":"<p>            Par<br \/>\n        <strong><br \/>\n            <a href=\"https:\/\/actu.fr\/auteur\/antoine-grotteria02\" title=\"Consulter tous les articles de Antoine Grotteria\" rel=\"nofollow noopener\" target=\"_blank\">Antoine Grotteria<\/a><br \/>\n        <\/strong><\/p>\n<p>        Publi\u00e9 le<\/p>\n<p>            25 mai 2025 \u00e0 18h14        <\/p>\n<p>Elle a pris la plume pour la f\u00eate des m\u00e8res. Un jour funeste dans son cas. Ce dimanche 25 mai 2025, la <strong>m\u00e8re d\u2019\u00c9lias<\/strong>, un adolescent de 14 ans <a href=\"https:\/\/actu.fr\/ile-de-france\/paris_75056\/quatre-mois-apres-le-meurtre-d-elias-a-paris-les-mots-forts-de-sa-mere-j-attends-des-reponses_62684928.html\" rel=\"nofollow noopener\" target=\"_blank\">tu\u00e9<\/a> dans le 14e arrondissement de <a href=\"https:\/\/actu.fr\/paris\/\" rel=\"nofollow noopener\" target=\"_blank\">Paris<\/a>, a publi\u00e9 une lettre dans le journal <a href=\"https:\/\/www.lefigaro.fr\/vox\/societe\/qui-s-est-moque-d-elias-quatre-mois-apres-le-meurtre-de-son-fils-sa-mere-sort-du-silence-20250525\" rel=\"nofollow noopener\" target=\"_blank\">Le Figaro<\/a>, avec cette interrogation en guise de col\u00e8re : \u00ab\u00a0Qui s\u2019est moqu\u00e9 d\u2019Elias ?\u00a0\u00bb<\/p>\n<p class=\" wall-content\">Il s\u2019agit de l\u2019une des <strong>principales informations<\/strong> de ce week-end du samedi 24 et dimanche 25 mai 2025. Voici le r\u00e9capitulatif.\u00a0<\/p>\n<p class=\" wall-content\"><strong>Les infos marquantes du week-end \u00e0 Paris et en \u00cele-de-France<\/strong><\/p>\n<p class=\" wall-content\"><strong>Paris. <\/strong><a title=\"Lire l&#039;article\" href=\"https:\/\/actu.fr\/ile-de-france\/paris_75056\/quatre-mois-apres-le-meurtre-d-elias-a-paris-les-mots-forts-de-sa-mere-j-attends-des-reponses_62684928.html\" rel=\"nofollow noopener\" target=\"_blank\"><strong>Quatre mois apr\u00e8s le meurtre d\u2019Elias \u00e0 Paris, les mots forts de sa m\u00e8re : \u00ab\u00a0j\u2019attends des r\u00e9ponses\u00a0\u00bb<\/strong><\/a><br \/>Dans une lettre ouverte, publi\u00e9e par Le Figaro, ce dimanche 25 mai, la m\u00e8re de l\u2019ado tu\u00e9 dans le 14e arrondissement prend la parole, questionnant : \u00ab\u00a0Qui s\u2019est moqu\u00e9 d\u2019Elias ?\u00a0\u00bb<\/p>\n<p class=\" wall-content\"><strong>Seine-Saint-Denis. <\/strong><a title=\"Lire l&#039;article\" href=\"https:\/\/actu.fr\/ile-de-france\/noisy-le-grand_93051\/noisy-le-grand-l-historique-ecole-de-cinema-louis-lumiere-bientot-cedee-a-un-promoteur-immobilier_62680113.html\" rel=\"nofollow noopener\" target=\"_blank\"><strong>Noisy-le-Grand : l\u2019historique \u00e9cole de cin\u00e9ma Louis-Lumi\u00e8re bient\u00f4t c\u00e9d\u00e9e \u00e0 un promoteur immobilier<\/strong><\/a><br \/>Construit dans les ann\u00e9es 80 par l\u2019architecte Christian Hauvette \u00e0 Noisy-le-Grand, le b\u00e2timent est \u00e0 l\u2019abandon depuis le d\u00e9part de l\u2019\u00e9cole en 2012. Il est menac\u00e9 de destruction.<\/p>\n<p class=\" wall-content\"><strong>Hauts-de-Seine. <\/strong><a title=\"Lire l&#039;article\" href=\"https:\/\/actu.fr\/ile-de-france\/neuilly-sur-seine_92051\/le-somptueux-hotel-particulier-de-bernard-tapie-a-neuilly-sur-seine-saisi-par-le-fisc-va-etre-vendu_62684545.html\" rel=\"nofollow noopener\" target=\"_blank\"><strong>Le somptueux h\u00f4tel particulier de Bernard Tapie \u00e0 Neuilly-sur-Seine saisi par le fisc va \u00eatre vendu<\/strong><\/a><br \/>Ascenseur \u00e0 voiture, salle de sport, parc arbor\u00e9\u2026L\u2019h\u00f4tel particulier que l\u2019homme d\u2019affaires poss\u00e9dait pr\u00e8s de Paris va \u00eatre mis aux ench\u00e8res le 26 juin 2025.<\/p>\n<p>Vid\u00e9os : en ce moment sur Actu<\/p>\n<p class=\" wall-content\"><strong>Val-de-Marne. <\/strong><a title=\"Lire l&#039;article\" href=\"https:\/\/actu.fr\/ile-de-france\/sucy-en-brie_94071\/deraillements-rames-immobilisees-avec-la-super-equipe-de-la-ratp-mobilisee-sur-les-accidents-rares_62679513.html\" rel=\"nofollow noopener\" target=\"_blank\"><strong>D\u00e9raillements, rames immobilis\u00e9es\u2026 Avec \u00ab\u00a0la super \u00e9quipe\u00a0\u00bb de la RATP, mobilis\u00e9e sur les accidents rares<\/strong><\/a><br \/>L\u2019\u00e9quipe de relevage est une unit\u00e9 sp\u00e9ciale de la RATP qui dispose d\u2019un savoir-faire rare et pouvant \u00eatre \u00ab\u00a0activ\u00e9e\u00a0\u00bb \u00e0 tout moment.<\/p>\n<p class=\" wall-content\"><strong>Essonne. <\/strong><a title=\"Lire l&#039;article\" href=\"https:\/\/actu.fr\/ile-de-france\/viry-chatillon_91687\/essonne-parcourir-300-kilometres-a-velo-de-nuit-cette-cycliste-amateure-l-a-fait_62672727.html\" rel=\"nofollow noopener\" target=\"_blank\"><strong>Essonne : parcourir 300 kilom\u00e8tres \u00e0 v\u00e9lo de nuit, cette cycliste amateure l\u2019a fait<\/strong><\/a><br \/>Blandine Ayrole, habitant de Viry-Ch\u00e2tillon, a particip\u00e9 pour la premi\u00e8re fois de sa carri\u00e8re \u00e0 la Race Across Paris le 12 avril dernier. Retour sur ce d\u00e9fi hors norme.<\/p>\n<p class=\" wall-content\"><strong>Yvelines. <\/strong><a title=\"Lire l&#039;article\" href=\"https:\/\/actu.fr\/ile-de-france\/rambouillet_78517\/yvelines-la-ministre-aurore-berge-revient-sur-ses-principaux-combats-dans-un-livre_62676249.html\" rel=\"nofollow noopener\" target=\"_blank\"><strong>Yvelines : la ministre Aurore Berg\u00e9 revient sur ses principaux combats dans un livre<\/strong><\/a><br \/>La ministre Aurore Berg\u00e9, originaire des Yvelines, vient de sortir un livre intitul\u00e9 Nos combats pour la R\u00e9publique, d\u00e9di\u00e9 \u00e0 sa fille Victoire.<\/p>\n<p class=\" wall-content\"><strong>Val-d\u2019Oise. <\/strong><a title=\"Lire l&#039;article\" href=\"https:\/\/actu.fr\/ile-de-france\/cergy_95127\/val-d-oise-un-enfant-de-4-ans-grievement-blesse-apres-une-chute-du-premier-etage-d-un-immeuble_62684111.html\" rel=\"nofollow noopener\" target=\"_blank\"><strong>Val-d\u2019Oise : un enfant de 4 ans gri\u00e8vement bless\u00e9 apr\u00e8s une chute du premier \u00e9tage d\u2019un immeuble<\/strong><\/a><br \/>Un enfant de 4 ans a \u00e9t\u00e9 hospitalis\u00e9 en urgence absolue, vendredi 23 mai 2025, suite \u00e0 une chute du premier \u00e9tage d\u2019un immeuble.<\/p>\n<p class=\" wall-content\"><strong>Seine-et-Marne. <\/strong><a title=\"Lire l&#039;article\" href=\"https:\/\/actu.fr\/ile-de-france\/montereau-fault-yonne_77305\/florian-kelyan-tokyo-qui-sont-les-jeunes-victimes-du-dramatique-accident-de-la-route-de-montereau_62682417.html\" rel=\"nofollow noopener\" target=\"_blank\"><strong>Florian, K\u00e9lyan, \u00ab\u00a0Tokyo\u00a0\u00bb : qui sont les jeunes victimes du dramatique accident de la route de Montereau ?<\/strong><\/a><br \/>Trois des passagers du v\u00e9hicule accident\u00e9 \u00e0 Montereau-Fault-Yonne sont d\u00e9c\u00e9d\u00e9s dans le drame de la route, qui laissent leurs familles endeuill\u00e9es. Le point sur l\u2019enqu\u00eate.<\/p>\n<p class=\" wall-content\"><strong>Suivez-nous pour en savoir plus !<\/strong><\/p>\n<p class=\" wall-content\">Paris : retrouvez actu Paris sur <a href=\"https:\/\/www.facebook.com\/actufr.paris\/\" rel=\"nofollow noopener\" target=\"_blank\">Facebook<\/a> et <a href=\"https:\/\/x.com\/actufrparis\" rel=\"nofollow\">Twitter<\/a> ;<br \/>Seine-et-Marne : retrouvez\u00a0La R\u00e9publique de Seine-et-Marne\u00a0(sud) sur\u00a0<a href=\"https:\/\/www.facebook.com\/RepubliqueSeineMarne\/\" rel=\"nofollow noopener\" target=\"_blank\">Facebook\u00a0<\/a>et\u00a0<a href=\"https:\/\/x.com\/JournalLaMarne\" rel=\"nofollow\">Twitter\u00a0<\/a>;\u00a0La Marne\u00a0(nord) sur\u00a0<a href=\"https:\/\/www.facebook.com\/RepubliqueSeineMarne\/\" rel=\"nofollow noopener\" target=\"_blank\">Facebook\u00a0<\/a>et\u00a0<a href=\"https:\/\/x.com\/JournalLaMarne\" rel=\"nofollow\">Twitter\u00a0<\/a>; et\u00a0Le Pays Briard\u00a0sur\u00a0<a href=\"https:\/\/www.facebook.com\/LePaysBriard\/?ref=bookmarks\" rel=\"nofollow noopener\" target=\"_blank\">Facebook\u00a0<\/a>et\u00a0<a href=\"https:\/\/x.com\/LePaysBriard\" rel=\"nofollow\">Twitter\u00a0<\/a>;<br \/>Yvelines : retrouvez\u00a078actu\u00a0sur\u00a0<a href=\"https:\/\/www.facebook.com\/78actu?locale=fr_FR\" rel=\"nofollow noopener\" target=\"_blank\">Facebook\u00a0<\/a>et\u00a0<a href=\"https:\/\/x.com\/78actu\" rel=\"nofollow\">Twitter\u00a0<\/a>;<br \/>Essonne : retrouvez\u00a0actu Essonne\u00a0sur\u00a0<a href=\"https:\/\/www.facebook.com\/actuessonne\/?ref=br_rs\" rel=\"nofollow noopener\" target=\"_blank\">Facebook\u00a0<\/a>et\u00a0<a href=\"https:\/\/x.com\/ActuEssonne\" rel=\"nofollow\">Twitter\u00a0<\/a>;<br \/>Hauts-de-Seine : retrouvez\u00a0actu Hauts-de-Seine\u00a0sur\u00a0<a href=\"https:\/\/www.facebook.com\/actufr.hautsdeseine\/\" rel=\"nofollow noopener\" target=\"_blank\">Facebook\u00a0<\/a>et\u00a0<a href=\"https:\/\/x.com\/actufr92\" rel=\"nofollow\">Twitter\u00a0<\/a>;<br \/>Seine-Saint-Denis : retrouvez\u00a0actu Seine-Saint-Denis\u00a0sur\u00a0<a href=\"https:\/\/www.facebook.com\/actu94.valdemarne\/\" rel=\"nofollow noopener\" target=\"_blank\">Facebook\u00a0<\/a>et\u00a0<a href=\"https:\/\/x.com\/actufr93\" rel=\"nofollow\">Twitter\u00a0<\/a>;<br \/>Val-de-Marne : retrouvez\u00a0actu Val-de-Marne\u00a0sur\u00a0<a href=\"https:\/\/www.facebook.com\/actu94.valdemarne\/\" rel=\"nofollow noopener\" target=\"_blank\">Facebook\u00a0<\/a>et\u00a0<a href=\"https:\/\/x.com\/actufr94\" rel=\"nofollow\">Twitter\u00a0<\/a>;<br \/>Val-d\u2019Oise : retrouvez\u00a0La Gazette du Val-d\u2019Oise\u00a0sur\u00a0<a href=\"https:\/\/www.facebook.com\/lagazetteduvaldoise\/\" rel=\"nofollow noopener\" target=\"_blank\">Facebook<\/a>.<\/p>\n<p class=\" wall-content\">Suivez toute l\u2019actualit\u00e9 de vos villes et m\u00e9dias favoris en vous inscrivant \u00e0 <a href=\"https:\/\/moncompte.actu.fr\" title=\"D\u00e9couvez Mon Actu\" rel=\"nofollow noopener\" data-trk=\"{&quot;cta&quot;:{&quot;action&quot;:&quot;https:\\\/\\\/moncompte.actu.fr&quot;,&quot;category&quot;:&quot;mon compte&quot;,&quot;from&quot;:&quot;article footer&quot;,&quot;name&quot;:&quot;Mon actu&quot;,&quot;type&quot;:&quot;cta&quot;}}\" target=\"_blank\">Mon Actu<\/a>.<\/p>\n","protected":false},"excerpt":{"rendered":"Par Antoine Grotteria Publi\u00e9 le 25 mai 2025 \u00e0 18h14 Elle a pris la plume pour la f\u00eate&hellip;\n","protected":false},"author":2,"featured_media":127762,"comment_status":"","ping_status":"","sticky":false,"template":"","format":"standard","meta":{"footnotes":""},"categories":[1592],"tags":[1111,11,215,1777,674,1011,27,662,1310,12,626,625,25,104],"class_list":{"0":"post-127761","1":"post","2":"type-post","3":"status-publish","4":"format-standard","5":"has-post-thumbnail","7":"category-ile-de-france","8":"tag-actu","9":"tag-actualites","10":"tag-commerce","11":"tag-eu","12":"tag-europe","13":"tag-fr","14":"tag-france","15":"tag-ile-de-france","16":"tag-incendie","17":"tag-news","18":"tag-paris","19":"tag-ratp","20":"tag-republique-francaise","21":"tag-societe"},"share_on_mastodon":{"url":"https:\/\/pubeurope.com\/@fr\/114570457444095852","error":""},"_links":{"self":[{"href":"https:\/\/www.europesays.com\/fr\/wp-json\/wp\/v2\/posts\/127761","targetHints":{"allow":["GET"]}}],"collection":[{"href":"https:\/\/www.europesays.com\/fr\/wp-json\/wp\/v2\/posts"}],"about":[{"href":"https:\/\/www.europesays.com\/fr\/wp-json\/wp\/v2\/types\/post"}],"author":[{"embeddable":true,"href":"https:\/\/www.europesays.com\/fr\/wp-json\/wp\/v2\/users\/2"}],"replies":[{"embeddable":true,"href":"https:\/\/www.europesays.com\/fr\/wp-json\/wp\/v2\/comments?post=127761"}],"version-history":[{"count":0,"href":"https:\/\/www.europesays.com\/fr\/wp-json\/wp\/v2\/posts\/127761\/revisions"}],"wp:featuredmedia":[{"embeddable":true,"href":"https:\/\/www.europesays.com\/fr\/wp-json\/wp\/v2\/media\/127762"}],"wp:attachment":[{"href":"https:\/\/www.europesays.com\/fr\/wp-json\/wp\/v2\/media?parent=127761"}],"wp:term":[{"taxonomy":"category","embeddable":true,"href":"https:\/\/www.europesays.com\/fr\/wp-json\/wp\/v2\/categories?post=127761"},{"taxonomy":"post_tag","embeddable":true,"href":"https:\/\/www.europesays.com\/fr\/wp-json\/wp\/v2\/tags?post=127761"}],"curies":[{"name":"wp","href":"https:\/\/api.w.org\/{rel}","templated":true}]}}