{"id":12777,"date":"2025-04-09T13:57:12","date_gmt":"2025-04-09T13:57:12","guid":{"rendered":"https:\/\/www.europesays.com\/fr\/12777\/"},"modified":"2025-04-09T13:57:12","modified_gmt":"2025-04-09T13:57:12","slug":"linter-piege-le-bayern-munich-c1-quarts-bayern-munich-inter-milan-1-2","status":"publish","type":"post","link":"https:\/\/www.europesays.com\/fr\/12777\/","title":{"rendered":"L\u2019Inter pi\u00e8ge le Bayern Munich &#8211; C1 &#8211; Quarts &#8211; Bayern Munich-Inter Milan (1-2)"},"content":{"rendered":"<p>\t\t\t\u00a0<img decoding=\"async\" loading=\"lazy\" class=\"blason blason-grand\" src=\"https:\/\/www.europesays.com\/fr\/wp-content\/uploads\/2025\/04\/1744207032_992_grande.jpg\"\/> Bayern Munich 1-2 Inter Milan <img decoding=\"async\" loading=\"lazy\" class=\"blason blason-grand\" src=\"https:\/\/www.europesays.com\/fr\/wp-content\/uploads\/2025\/04\/1744207032_818_grande.jpg\"\/><\/p>\n<p>Buts : T. M\u00fcller (85e) pour le Rekordmeister \/\/ L. Martinez (38e), Frattesi (87e) pour les Nerazzurri<\/p>\n<p>\u00c0 l\u2019Allianz Arena ce mardi, l\u2019Inter Milan, comme \u00e0 son habitude, a su faire le dos rond et piquer au bon moment pour pi\u00e9ger le Bayern Munich lors du quart de finale aller de la Ligue des champions (1-2). Malgr\u00e9 un Michael Olise en feu et un Thomas M\u00fcller buteur, les Bavarois se retrouvent en bien mauvaise posture avant le match retour mercredi prochain \u00e0 San Siro.<\/p>\n<p>Le bijou du taureau<\/p>\n<p>Dans cette rencontre anim\u00e9e, Olise est le premier \u00e0 lancer les hostilit\u00e9s. Sur le c\u00f4t\u00e9 droit de la surface de r\u00e9paration, l\u2019international fran\u00e7ais tente une frappe soudaine, d\u00e9tourn\u00e9e par Carlos Augusto, qui passe \u00e0 c\u00f4t\u00e9 du poteau droit de Yann Sommer (7e). \u00c9touff\u00e9e par le Rekordmeister,\u00a0l\u2019Inter peine \u00e0 exister dans le premier quart d\u2019heure et voit son adversaire du soir se rapprocher dangereusement de sa cage. \u00c0 la suite d\u2019une passe mal assur\u00e9e de Benjamin Pavard, Olise, encore lui, fixe la d\u00e9fense italienne avant de d\u00e9caler Harry Kane, dont la frappe enroul\u00e9e vient fracasser le poteau (26e).<\/p>\n<p>Les Nerazzurri\u00a0tentent de r\u00e9agir avec la lourde frappe au premier poteau d\u2019Augusto (29e), mais c\u2019est finalement gr\u00e2ce \u00e0 Lautaro Martinez qu\u2019ils vont prendre les devants : d\u00e9cal\u00e9 subtilement par une talonnade de Marcus Thuram, l\u2019Argentin trompe Jonas Urbig d\u2019un sublime tir de l\u2019ext\u00e9rieur du pied <strong>(0-1, 38e)<\/strong>. Son 7e but en Ligue des champions cette saison.<\/p>\n<p>M\u00fcller n\u2019aura pas suffi<\/p>\n<p>Avec ce but, la dynamique s\u2019inverse et les hommes de Simone Inzaghi dominent d\u00e9sormais les d\u00e9bats. Intenable, Martinez est tout pr\u00e8s d\u2019inscrire un doubl\u00e9, mais Urbig sort une parade d\u00e9cisive devant l\u2019avant-centre argentin (56e). Bouscul\u00e9s, les Bavarois n\u2019abdiquent pas, reprennent le contr\u00f4le du cuir et Rapha\u00ebl Guerreiro, auteur d\u2019une belle reprise de vol\u00e9e, est proche de voler la vedette \u00e0 Martinez, mais heureusement pour l\u2019Inter, l\u2019action de grande classe de l\u2019international portugais n\u2019accroche pas le cadre (64e). Malgr\u00e9 l\u2019entr\u00e9e en jeu de la future l\u00e9gende Thomas M\u00fcller, le Bayern pi\u00e9tine. Sur un nouveau service d\u2019Olise, Kane a l\u2019occasion de remettre les deux \u00e9quipes \u00e0 \u00e9galit\u00e9, mais l\u2019international anglais voit sa reprise fuir le cadre (79e).<\/p>\n<p>Pas de probl\u00e8me, Thomas M\u00fcller va s\u2019en charger. Sur un centre de Konrad Laimer, le num\u00e9ro 25, esseul\u00e9 au second poteau, n\u2019a plus qu\u2019\u00e0 pousser le cuir dans le but vide <strong>(1-1, 85e)<\/strong>. La joie est de courte dur\u00e9e pour les Allemands, puisque Davide Frattesi, servi par Augusto, permet aux siens de reprendre l\u2019avantage <strong>(1-2, 88e)<\/strong>. Diaboliques, les Nerazzurri\u00a0r\u00e9alisent un grand coup en battant le Rekordmeister, invaincu \u00e0 l\u2019Allianz Arena depuis 2021, et prennent une s\u00e9rieuse option pour une qualification dans le dernier carr\u00e9 de la Ligue des champions avant le match retour, qui aura lieu mercredi prochain.<\/p>\n<p><strong>\u00a0<img decoding=\"async\" loading=\"lazy\" class=\"blason blason-petit\" src=\"https:\/\/www.europesays.com\/fr\/wp-content\/uploads\/2025\/04\/1744207032_992_grande.jpg\"\/> Bayern Munich (4-2-3-1) :<\/strong> Urbig \u2013 Stani\u0161i\u0107, Kim (Boey, 73e), Dier, Laimer \u2013 Goretzka, Kimmich \u2013 San\u00e9 (M\u00fcller, 74e), Guerreiro (Gnabry, 74e), Olise \u2013 Kane. <strong>Entra\u00eeneur : <\/strong>Vincent Kompany<strong>.<\/strong><\/p>\n<p><img decoding=\"async\" loading=\"lazy\" class=\"blason blason-petit\" src=\"https:\/\/www.europesays.com\/fr\/wp-content\/uploads\/2025\/04\/1744207032_818_grande.jpg\"\/><strong> Inter (3-5-2) : <\/strong>Sommer \u2013 Bastoni, Acerbi, Pavard \u2013 Augusto, Mkhitaryan (Frattesi, 74e), \u00c7alhano\u011flu, Barella, Darmian (Bisseck, 79e) \u2013 Mart\u00ednez, Thuram.<strong> Entra\u00eeneur : <\/strong>Simone Inzaghi.<\/p>\n<p>\t\t\t\t\t\t\t\t\t\t<a class=\"lien-connexe\" href=\"https:\/\/www.sofoot.com\/articles\/en-direct-bayern-munich-inter-milan\" rel=\"nofollow noopener\" target=\"_blank\">Revivez Bayern Munich &#8211; Inter Milan (1-2)<\/a>\t\t\t\t\t<\/p>\n","protected":false},"excerpt":{"rendered":"\u00a0 Bayern Munich 1-2 Inter Milan Buts : T. M\u00fcller (85e) pour le Rekordmeister \/\/ L. Martinez (38e),&hellip;\n","protected":false},"author":2,"featured_media":12778,"comment_status":"","ping_status":"","sticky":false,"template":"","format":"standard","meta":{"footnotes":""},"categories":[2],"tags":[47,11,61,69,65,64,63,1011,27,68,66,12,62,70,67],"class_list":{"0":"post-12777","1":"post","2":"type-post","3":"status-publish","4":"format-standard","5":"has-post-thumbnail","7":"category-actualites","8":"tag-actualite","9":"tag-actualites","10":"tag-actus-football","11":"tag-bundesliga","12":"tag-championnats-europeens","13":"tag-equipe-de-france","14":"tag-football","15":"tag-fr","16":"tag-france","17":"tag-ligua","18":"tag-ligue-1","19":"tag-news","20":"tag-news-foot","21":"tag-premier-league","22":"tag-serie-a"},"share_on_mastodon":{"url":"https:\/\/pubeurope.com\/@fr\/114308359362950657","error":""},"_links":{"self":[{"href":"https:\/\/www.europesays.com\/fr\/wp-json\/wp\/v2\/posts\/12777","targetHints":{"allow":["GET"]}}],"collection":[{"href":"https:\/\/www.europesays.com\/fr\/wp-json\/wp\/v2\/posts"}],"about":[{"href":"https:\/\/www.europesays.com\/fr\/wp-json\/wp\/v2\/types\/post"}],"author":[{"embeddable":true,"href":"https:\/\/www.europesays.com\/fr\/wp-json\/wp\/v2\/users\/2"}],"replies":[{"embeddable":true,"href":"https:\/\/www.europesays.com\/fr\/wp-json\/wp\/v2\/comments?post=12777"}],"version-history":[{"count":0,"href":"https:\/\/www.europesays.com\/fr\/wp-json\/wp\/v2\/posts\/12777\/revisions"}],"wp:featuredmedia":[{"embeddable":true,"href":"https:\/\/www.europesays.com\/fr\/wp-json\/wp\/v2\/media\/12778"}],"wp:attachment":[{"href":"https:\/\/www.europesays.com\/fr\/wp-json\/wp\/v2\/media?parent=12777"}],"wp:term":[{"taxonomy":"category","embeddable":true,"href":"https:\/\/www.europesays.com\/fr\/wp-json\/wp\/v2\/categories?post=12777"},{"taxonomy":"post_tag","embeddable":true,"href":"https:\/\/www.europesays.com\/fr\/wp-json\/wp\/v2\/tags?post=12777"}],"curies":[{"name":"wp","href":"https:\/\/api.w.org\/{rel}","templated":true}]}}