{"id":127779,"date":"2025-05-25T21:01:14","date_gmt":"2025-05-25T21:01:14","guid":{"rendered":"https:\/\/www.europesays.com\/fr\/127779\/"},"modified":"2025-05-25T21:01:14","modified_gmt":"2025-05-25T21:01:14","slug":"ouganda-toute-cooperation-militaire-avec-lallemagne-est-suspendue","status":"publish","type":"post","link":"https:\/\/www.europesays.com\/fr\/127779\/","title":{"rendered":"Ouganda : Toute coop\u00e9ration militaire avec l&rsquo;Allemagne est suspendue"},"content":{"rendered":"<p>\u00a9 Koaci.com &#8211; dimanche 25 mai 2025 &#8211; 20:16<\/p>\n<p>L&rsquo;Ouganda a \u00absuspendu\u00bb toute <a href=\"https:\/\/www.koaci.com\/recherche?search=coop%C3%A9ration\" target=\"_blank\" rel=\"noopener\">coop\u00e9ration<\/a> <a href=\"https:\/\/www.koaci.com\/recherche?search=militaire\" target=\"_blank\" rel=\"noopener\">militaire<\/a> avec <a href=\"https:\/\/www.koaci.com\/recherche?search=l%27Allemagne\" target=\"_blank\" rel=\"noopener\">l&rsquo;Allemagne<\/a>, a annonc\u00e9 dimanche un porte-parole de l&rsquo;arm\u00e9e ougandaise. Il a affirm\u00e9 que l&rsquo;ambassadeur allemand est \u00abengag\u00e9 dans des activit\u00e9s subversives\u00bb dans le pays d&rsquo;Afrique de l&rsquo;Est.<\/p>\n<p>Cette annonce fait suite \u00e0 un pr\u00e9c\u00e9dent communiqu\u00e9 de l&rsquo;arm\u00e9e diffus\u00e9 vendredi, qui accusait certaines missions diplomatiques europ\u00e9ennes de soutenir \u00abdes groupes n\u00e9gatifs et tra\u00eetres\u00bb oppos\u00e9s au gouvernement et visait d\u00e9j\u00e0 en particulier l&rsquo;ambassadeur d&rsquo;Allemagne, Mathias Schauer.<\/p>\n<p>Ces d\u00e9clarations interviennent alors que l&rsquo;Ouganda est de plus en plus critiqu\u00e9 \u00e0 l&rsquo;international pour la fa\u00e7on dont le r\u00e9gime r\u00e9prime l&rsquo;opposition.<\/p>\n<p><\/p>\n<p>\u00abLes Forces de d\u00e9fense du peuple de l&rsquo;Ouganda (UPDF) ont, avec effet imm\u00e9diat, suspendu toutes les activit\u00e9s de <a href=\"https:\/\/www.koaci.com\/recherche?search=coop%C3%A9ration\" target=\"_blank\" rel=\"noopener\">coop\u00e9ration<\/a> <a href=\"https:\/\/www.koaci.com\/recherche?search=militaire\" target=\"_blank\" rel=\"noopener\">militaire<\/a> et de d\u00e9fense en cours avec la R\u00e9publique f\u00e9d\u00e9rale d&rsquo;Allemagne\u00bb, a \u00e9crit sur X un porte-parole de l&rsquo;arm\u00e9e, Chris Magezi.<\/p>\n<p>Il a pr\u00e9cis\u00e9 que la d\u00e9cision a \u00e9t\u00e9 prise apr\u00e8s \u00abdes rapports cr\u00e9dibles des services de renseignement selon lesquels l&rsquo;actuel ambassadeur allemand en Ouganda, son excellence Mathias Schauer, est activement engag\u00e9 dans des activit\u00e9s subversives dans le pays\u00bb.<\/p>\n<p>Selon M. Magezi, cette suspension \u00abrestera en vigueur jusqu&rsquo;\u00e0 la r\u00e9solution compl\u00e8te du probl\u00e8me concernant l&rsquo;implication de l&rsquo;ambassadeur avec des forces hostiles pseudo-politico-<a href=\"https:\/\/www.koaci.com\/recherche?search=militaire\" target=\"_blank\" rel=\"noopener\">militaire<\/a>s op\u00e9rant dans le pays contre le gouvernement ougandais\u00bb.<\/p>\n<p>L&rsquo;ambassade d&rsquo;Allemagne en Ouganda n&rsquo;a pas r\u00e9agi pour le moment.<\/p>\n<p><\/p>\n","protected":false},"excerpt":{"rendered":"\u00a9 Koaci.com &#8211; dimanche 25 mai 2025 &#8211; 20:16 L&rsquo;Ouganda a \u00absuspendu\u00bb toute coop\u00e9ration militaire avec l&rsquo;Allemagne, a&hellip;\n","protected":false},"author":2,"featured_media":127780,"comment_status":"","ping_status":"","sticky":false,"template":"","format":"standard","meta":{"footnotes":""},"categories":[1587],"tags":[47,11,672,2813,3396,1804,10463,1805,1803,1777,674,1801,1922,10109,25139,1577,3579,12,25140,316,1802,7822],"class_list":{"0":"post-127779","1":"post","2":"type-post","3":"status-publish","4":"format-standard","5":"has-post-thumbnail","7":"category-allemagne","8":"tag-actualite","9":"tag-actualites","10":"tag-allemagne","11":"tag-article","12":"tag-avec","13":"tag-bundesrepublik-deutschland","14":"tag-cooperation","15":"tag-de","16":"tag-deutschland","17":"tag-eu","18":"tag-europe","19":"tag-germany","20":"tag-info","21":"tag-koaci","22":"tag-koaci-ouganda","23":"tag-l","24":"tag-militaire","25":"tag-news","26":"tag-ouganda","27":"tag-politique","28":"tag-republique-federale-dallemagne","29":"tag-toute"},"share_on_mastodon":{"url":"https:\/\/pubeurope.com\/@fr\/114570492881742491","error":""},"_links":{"self":[{"href":"https:\/\/www.europesays.com\/fr\/wp-json\/wp\/v2\/posts\/127779","targetHints":{"allow":["GET"]}}],"collection":[{"href":"https:\/\/www.europesays.com\/fr\/wp-json\/wp\/v2\/posts"}],"about":[{"href":"https:\/\/www.europesays.com\/fr\/wp-json\/wp\/v2\/types\/post"}],"author":[{"embeddable":true,"href":"https:\/\/www.europesays.com\/fr\/wp-json\/wp\/v2\/users\/2"}],"replies":[{"embeddable":true,"href":"https:\/\/www.europesays.com\/fr\/wp-json\/wp\/v2\/comments?post=127779"}],"version-history":[{"count":0,"href":"https:\/\/www.europesays.com\/fr\/wp-json\/wp\/v2\/posts\/127779\/revisions"}],"wp:featuredmedia":[{"embeddable":true,"href":"https:\/\/www.europesays.com\/fr\/wp-json\/wp\/v2\/media\/127780"}],"wp:attachment":[{"href":"https:\/\/www.europesays.com\/fr\/wp-json\/wp\/v2\/media?parent=127779"}],"wp:term":[{"taxonomy":"category","embeddable":true,"href":"https:\/\/www.europesays.com\/fr\/wp-json\/wp\/v2\/categories?post=127779"},{"taxonomy":"post_tag","embeddable":true,"href":"https:\/\/www.europesays.com\/fr\/wp-json\/wp\/v2\/tags?post=127779"}],"curies":[{"name":"wp","href":"https:\/\/api.w.org\/{rel}","templated":true}]}}