{"id":127799,"date":"2025-05-25T21:13:21","date_gmt":"2025-05-25T21:13:21","guid":{"rendered":"https:\/\/www.europesays.com\/fr\/127799\/"},"modified":"2025-05-25T21:13:21","modified_gmt":"2025-05-25T21:13:21","slug":"on-etait-presque-en-train-de-faire-du-mario-kart","status":"publish","type":"post","link":"https:\/\/www.europesays.com\/fr\/127799\/","title":{"rendered":"On \u00e9tait presque en train de faire du Mario Kart"},"content":{"rendered":"<p>L&rsquo;\u00e9dition 2024 du Grand Prix de Monaco a soulev\u00e9 une question dans la paddock : comment rendre la course plus attrayante ? L&rsquo;ann\u00e9e derni\u00e8re, un drapeau rouge dans les premiers tours avait permis \u00e0 l&rsquo;ensemble des pilotes de changer leur train de pneus gratuitement. La course s&rsquo;\u00e9tait ensuite d\u00e9roul\u00e9e sans d\u00e9passements, sans arr\u00eats aux stands et avec un top 10 identique entre la grille et le classement final. Cette ann\u00e9e, pour \u00e9viter un sc\u00e9nario similaire, la F1 a d\u00e9cid\u00e9 de mettre en place une r\u00e8gle sp\u00e9cifique pour la manche en Principaut\u00e9 : deux arr\u00eats aux stands obligatoire. Mais cela a-t-il \u00e9t\u00e9 concluant\u00a0?<\/p>\n<p>L&rsquo;ajout d&rsquo;un arr\u00eat aux stands a provoqu\u00e9 la mise en place de quelques tactiques inhabituelles. Tout d&rsquo;abord, <a href=\"https:\/\/fr.motorsport.com\/team\/racing-bulls-610\/610\/\" target=\"_blank\" rel=\"noopener\">Racing Bulls<\/a> a utilis\u00e9 <a href=\"https:\/\/fr.motorsport.com\/driver\/liam-lawson\/826061\/\" target=\"_blank\" rel=\"noopener\">Liam Lawson<\/a> pour ralentir les monoplaces derri\u00e8re lui et permettre \u00e0 son co\u00e9quipier <a href=\"https:\/\/fr.motorsport.com\/driver\/isack-hadjar\/876622\/\" target=\"_blank\" rel=\"noopener\">Isack Hadjar<\/a> de creuser un \u00e9cart suffisamment cons\u00e9quent pour pouvoir effectuer ses deux arr\u00eats aux stands sans perdre de place. C&rsquo;est ensuite <a href=\"https:\/\/fr.motorsport.com\/team\/williams\/613\/\" target=\"_blank\" rel=\"noopener\">Williams<\/a> qui a utilis\u00e9 cette strat\u00e9gie avec <a href=\"https:\/\/fr.motorsport.com\/driver\/carlos-sainz-jr\/91450\/\" target=\"_blank\" rel=\"noopener\">Carlos Sainz<\/a> qui a aid\u00e9 <a href=\"https:\/\/fr.motorsport.com\/driver\/alexander-albon\/109635\/\" target=\"_blank\" rel=\"noopener\">Alexander Albon<\/a> avant que les r\u00f4les ne soient \u00e9chang\u00e9s puis les positions rendues.\u00a0<\/p>\n<p>De son c\u00f4t\u00e9, ne pouvant pas compter sur son co\u00e9quipier, <a href=\"https:\/\/fr.motorsport.com\/driver\/max-verstappen\/93029\/\" target=\"_blank\" rel=\"noopener\">Max Verstappen<\/a> a attendu le dernier tour pour effectuer son dernier arr\u00eat, esp\u00e9rant voir un Safety Car ou un drapeau rouge, ce qui lui aurait permis de remporter la course. Sans cela, le N\u00e9erlandais a franchi la ligne d&rsquo;arriv\u00e9e \u00e0 la quatri\u00e8me place.\u00a0\u00c0 l&rsquo;issue de la course,\u00a0Verstappen a reconnu que la F1 et la FIA avaient eu raison de tenter quelque chose pour rendre la course plus int\u00e9ressante, mais n&rsquo;a pas eu l&rsquo;impression que cela a fonctionn\u00e9.<\/p>\n<p>\u00ab\u00a0Bien s\u00fbr, je comprends, mais je ne pense pas que cela ait fonctionn\u00e9\u00a0\u00bb, a d\u00e9clar\u00e9 Verstappen \u00e0 Sky Sports. \u00ab\u00a0On ne peut pas courir ici de toute fa\u00e7on, donc ce que l&rsquo;on fait n&rsquo;a pas d&rsquo;importance. Un arr\u00eat, dix arr\u00eats&#8230; M\u00eame \u00e0 la fin, j&rsquo;\u00e9tais en t\u00eate, mes pneus \u00e9taient compl\u00e8tement us\u00e9s, mais on ne peut toujours pas passer. Je pense qu&rsquo;aujourd&rsquo;hui, avec une F1, on peut seulement d\u00e9passer une Formule 2 ici. On \u00e9tait presque en train de faire du Mario Kart. L&rsquo;\u00e9tape d&rsquo;apr\u00e8s, ce sera d&rsquo;installer des choses sur la voiture, ou on lancera peut-\u00eatre des peaux de banane. Je ne sais pas, ou alors rendre la surface glissante.\u00a0\u00bb<\/p>\n<p>   <img decoding=\"async\" draggable=\"false\" src=\"https:\/\/www.europesays.com\/fr\/wp-content\/uploads\/2025\/05\/1748207601_345_max-verstappen-red-bull-racing.jpg\" alt=\"Max Verstappen (Red Bull).\" width=\"1200\" height=\"800\" loading=\"lazy\"\/> <\/p>\n<p class=\"title\">Max Verstappen (Red Bull).<\/p>\n<p class=\"photographer\">Photo de: Peter Fox \/ Getty Images<\/p>\n<p><a href=\"https:\/\/fr.motorsport.com\/team\/red-bull\/553\/\" target=\"_blank\" rel=\"noopener\">Red Bull<\/a>\u00a0a manqu\u00e9 de rythme ce week-end sur un trac\u00e9 urbain qui a expos\u00e9 les faiblesses de longue date de l&rsquo;\u00e9curie autrichienne sur les bosses et les vibreurs. Quatri\u00e8me sur la grille de d\u00e9part, \u00e0 sept dixi\u00e8mes du poleman\u00a0<a href=\"https:\/\/fr.motorsport.com\/driver\/lando-norris\/289708\/\" target=\"_blank\" rel=\"noopener\">Lando Norris<\/a>, Verstappen n&rsquo;a pas eu beaucoup d&rsquo;options pour remonter. Il estime que sa d\u00e9cision de retarder son dernier arr\u00eat jusqu&rsquo;\u00e0 l&rsquo;avant-dernier tour valait au moins la peine d&rsquo;\u00eatre tent\u00e9e, au cas o\u00f9 un drapeau rouge serait agit\u00e9.<\/p>\n<p>\u00ab\u00a0Il n&rsquo;y avait rien \u00e0 perdre, j&rsquo;avais un grand \u00e9cart derri\u00e8re [avec Hamilton]. C&rsquo;\u00e9tait toujours la m\u00eame position pour moi, mais c&rsquo;est Monaco. Les qualifications sont tr\u00e8s importantes. Normalement, quand il ne se passe rien de grave, on n&rsquo;avance pas vraiment. Et si on fait des arr\u00eats aux stands normaux, on garde la position, et c&rsquo;est exactement ce qui s&rsquo;est pass\u00e9 aujourd&rsquo;hui.\u00a0\u00bb<\/p>\n<p>\u00ab\u00a0Je ne pense pas non plus que nous avions le rythme n\u00e9cessaire pour nous battre avec les gars devant, parce qu&rsquo;\u00e0 chaque fois que j&rsquo;essayais de rester avec eux, mes pneus s&rsquo;usaient et se d\u00e9gradaient un peu trop. Mais oui, quatri\u00e8me est certainement le maximum que nous pouvions faire.\u00a0\u00bb<\/p>\n<p>Lire aussi :<\/p>\n<p>Dans cet article<\/p>\n<p>    Filip Cleeren\n<\/p>\n<p>    Formule 1\n<\/p>\n<p>    Max Verstappen\n<\/p>\n<p>    Red Bull\n<\/p>\n<p>Soyez le premier inform\u00e9 et souscrivez aux alertes mails pour recevoir les infos en temps r\u00e9el<\/p>\n<p>    S&rsquo;abonner aux alertes de news<\/p>\n","protected":false},"excerpt":{"rendered":"L&rsquo;\u00e9dition 2024 du Grand Prix de Monaco a soulev\u00e9 une question dans la paddock : comment rendre la&hellip;\n","protected":false},"author":2,"featured_media":127800,"comment_status":"","ping_status":"","sticky":false,"template":"","format":"standard","meta":{"footnotes":""},"categories":[1412],"tags":[1451,1452,1453,1454,1455,1011,27,23310,2236,5386,2255,60],"class_list":{"0":"post-127799","1":"post","2":"type-post","3":"status-publish","4":"format-standard","5":"has-post-thumbnail","7":"category-f1","8":"tag-f1","9":"tag-formula-1","10":"tag-formula1","11":"tag-formule-1","12":"tag-formule1","13":"tag-fr","14":"tag-france","15":"tag-gp-de-monaco","16":"tag-max-verstappen","17":"tag-monte-carlo","18":"tag-red-bull","19":"tag-sports"},"share_on_mastodon":{"url":"https:\/\/pubeurope.com\/@fr\/114570540047780819","error":""},"_links":{"self":[{"href":"https:\/\/www.europesays.com\/fr\/wp-json\/wp\/v2\/posts\/127799","targetHints":{"allow":["GET"]}}],"collection":[{"href":"https:\/\/www.europesays.com\/fr\/wp-json\/wp\/v2\/posts"}],"about":[{"href":"https:\/\/www.europesays.com\/fr\/wp-json\/wp\/v2\/types\/post"}],"author":[{"embeddable":true,"href":"https:\/\/www.europesays.com\/fr\/wp-json\/wp\/v2\/users\/2"}],"replies":[{"embeddable":true,"href":"https:\/\/www.europesays.com\/fr\/wp-json\/wp\/v2\/comments?post=127799"}],"version-history":[{"count":0,"href":"https:\/\/www.europesays.com\/fr\/wp-json\/wp\/v2\/posts\/127799\/revisions"}],"wp:featuredmedia":[{"embeddable":true,"href":"https:\/\/www.europesays.com\/fr\/wp-json\/wp\/v2\/media\/127800"}],"wp:attachment":[{"href":"https:\/\/www.europesays.com\/fr\/wp-json\/wp\/v2\/media?parent=127799"}],"wp:term":[{"taxonomy":"category","embeddable":true,"href":"https:\/\/www.europesays.com\/fr\/wp-json\/wp\/v2\/categories?post=127799"},{"taxonomy":"post_tag","embeddable":true,"href":"https:\/\/www.europesays.com\/fr\/wp-json\/wp\/v2\/tags?post=127799"}],"curies":[{"name":"wp","href":"https:\/\/api.w.org\/{rel}","templated":true}]}}