{"id":127801,"date":"2025-05-25T21:14:10","date_gmt":"2025-05-25T21:14:10","guid":{"rendered":"https:\/\/www.europesays.com\/fr\/127801\/"},"modified":"2025-05-25T21:14:10","modified_gmt":"2025-05-25T21:14:10","slug":"nicolas-david-vainqueur-a-lexperience-a-morlaix-kerozar","status":"publish","type":"post","link":"https:\/\/www.europesays.com\/fr\/127801\/","title":{"rendered":"Nicolas David vainqueur \u00e0 l\u2019exp\u00e9rience \u00e0 Morlaix Kerozar"},"content":{"rendered":"<p>Open 2-3 et Access 1-2 \u00e0 Morlaix Kerozar<\/p>\n<p class=\"empty\">Nicolas David (CC Ergu\u00e9 Gab\u00e9ric), qui <a href=\"https:\/\/www.letelegramme.fr\/sports\/running\/une-deuxieme-vie-sportive-en-trail-pour-le-cycliste-nicolas-david-6771858.php\" target=\"_blank\" rel=\"noopener\">excelle \u00e9galement en trail depuis 2024<\/a>, n\u2019en a pas encore fini avec le v\u00e9lo. Celui qui f\u00eatait ses 37 ans quelques jours plus t\u00f4t s\u2019est impos\u00e9 \u00e0 l\u2019exp\u00e9rience sur le circuit de Morlaix Kerozar devant la fougue de la jeunesse, rel\u00e9guant Tom Rault (OC Locmin\u00e9) et Lomick Hernot (EC Plestin), tous deux U19, respectivement \u00e0 la deuxi\u00e8me et troisi\u00e8me place.<\/p>\n<p>On aurait pu penser que Loeizig Tanguy (UCP Morlaix) allait s\u2019imposer facilement \u00e0 domicile, une fois sorti du groupe de 13 hommes devant \u00e0 13 tours de l\u2019arriv\u00e9e, mais Nicolas David n\u2019avait pas dit son dernier mot. C\u2019\u00e9tait un groupe de six qui \u00e9tait revenu sur la t\u00eate de course depuis quelques tours d\u00e9j\u00e0, qui s\u2019\u00e9lan\u00e7ait sur le dernier tour de circuit.<\/p>\n<p>\u00ab Je ma\u00eetrise encore un peu mon sujet \u00bb, r\u00e9agissait celui qui a fait la diff\u00e9rence dans le dernier tour. \u00ab Je respecte les adversaires, dont les deux petits jeunes qui marchaient bien. Apr\u00e8s une pause d\u2019un an sur route, l\u2019envie de recourir est revenue apr\u00e8s avoir gagn\u00e9 onze cyclo-cross, ce qui est pas mal pour un vieux ! \u00bb concluait Nicolas David.<\/p>\n<p class=\"titre-tech\">Les classements<\/p>\n<p class=\"tech\"><strong class=\"tech\">Open 2, 3 et Access 1, 2 : <\/strong>1. Nicolas David (CC Ergu\u00e9 Gab\u00e9ric) ; 2. T. Rault (OC Locmin\u00e9) ; 3. L. Hernot (EC Plestin Pays Tregor) ; 4. F. Henaff (UCP Morlaix) ; 5. D. Guivarch (T. Oxyg\u00e8ne Ploudal Portsall) ; 6. L. Tanguy (UCP Morlaix).<\/p>\n<p class=\"tech\"><strong class=\"tech\">U17 :<\/strong> 1. Cl\u00e9ment Morin (UCP Morlaix) ; 2. M. Le Qu\u00e9r\u00e9 (UCP Morlaix) ; 3. B. Danielou (Landivisienne Cycliste) ; 4. L. Piquet (RO Begarroise) ; 5. Y. Cariou (VS Quimperois).<\/p>\n","protected":false},"excerpt":{"rendered":"Open 2-3 et Access 1-2 \u00e0 Morlaix Kerozar Nicolas David (CC Ergu\u00e9 Gab\u00e9ric), qui excelle \u00e9galement en trail&hellip;\n","protected":false},"author":2,"featured_media":127802,"comment_status":"","ping_status":"","sticky":false,"template":"","format":"standard","meta":{"footnotes":""},"categories":[1411],"tags":[1154,207,6159,1011,27,2131,60],"class_list":{"0":"post-127801","1":"post","2":"type-post","3":"status-publish","4":"format-standard","5":"has-post-thumbnail","7":"category-cyclisme","8":"tag-cycling","9":"tag-cyclisme","10":"tag-cyclisme-amateurs","11":"tag-fr","12":"tag-france","13":"tag-morlaix","14":"tag-sports"},"share_on_mastodon":{"url":"https:\/\/pubeurope.com\/@fr\/114570544024397835","error":""},"_links":{"self":[{"href":"https:\/\/www.europesays.com\/fr\/wp-json\/wp\/v2\/posts\/127801","targetHints":{"allow":["GET"]}}],"collection":[{"href":"https:\/\/www.europesays.com\/fr\/wp-json\/wp\/v2\/posts"}],"about":[{"href":"https:\/\/www.europesays.com\/fr\/wp-json\/wp\/v2\/types\/post"}],"author":[{"embeddable":true,"href":"https:\/\/www.europesays.com\/fr\/wp-json\/wp\/v2\/users\/2"}],"replies":[{"embeddable":true,"href":"https:\/\/www.europesays.com\/fr\/wp-json\/wp\/v2\/comments?post=127801"}],"version-history":[{"count":0,"href":"https:\/\/www.europesays.com\/fr\/wp-json\/wp\/v2\/posts\/127801\/revisions"}],"wp:featuredmedia":[{"embeddable":true,"href":"https:\/\/www.europesays.com\/fr\/wp-json\/wp\/v2\/media\/127802"}],"wp:attachment":[{"href":"https:\/\/www.europesays.com\/fr\/wp-json\/wp\/v2\/media?parent=127801"}],"wp:term":[{"taxonomy":"category","embeddable":true,"href":"https:\/\/www.europesays.com\/fr\/wp-json\/wp\/v2\/categories?post=127801"},{"taxonomy":"post_tag","embeddable":true,"href":"https:\/\/www.europesays.com\/fr\/wp-json\/wp\/v2\/tags?post=127801"}],"curies":[{"name":"wp","href":"https:\/\/api.w.org\/{rel}","templated":true}]}}