{"id":127813,"date":"2025-05-25T21:20:10","date_gmt":"2025-05-25T21:20:10","guid":{"rendered":"https:\/\/www.europesays.com\/fr\/127813\/"},"modified":"2025-05-25T21:20:10","modified_gmt":"2025-05-25T21:20:10","slug":"on-chante-ensemble-on-danse-ensemble-cest-vrai-mais-lart-le-vrai-peut-rendre-vulnerable-faire-enrager-liberation","status":"publish","type":"post","link":"https:\/\/www.europesays.com\/fr\/127813\/","title":{"rendered":"\u00abOn chante ensemble, on danse ensemble, c\u2019est vrai, mais l\u2018art, le vrai, peut rendre vuln\u00e9rable, faire enrager\u00bb \u2013 Lib\u00e9ration"},"content":{"rendered":"<p class=\"sc-ksZaOG ehjQrN text-element\">\u00abJe suis de bonne humeur ce matin.\u00bb Devant son ordinateur, en ce d\u00e9but d\u2019interview \u00e0 distance, The Blessed Madonna profite de voir son visage \u00e0 l\u2019\u00e9cran pour y mettre un peu de cr\u00e8me et terminer sa routine matinale. La DJ et productrice am\u00e9ricaine \u2013 de passage \u00e0 Lyon samedi 31 mai pour le festival Nuits sonores \u2013 n\u2019a pas grand-chose \u00e0 voir avec les stars internationales du dancefloor lissant leur image pour ne pas mettre leur business en p\u00e9ril. Avant de passer aux questions s\u00e9rieuses, il y a le \u00abchit chat\u00bb, l\u2019informel, la rencontre. Elle y tient. Marea Renee Stamper, de son vrai nom, native du Kentucky, aime savoir \u00e0 qui elle a affaire. Pas par m\u00e9fiance, mais par \u00abempathie\u00bb. Ce mot reviendra de nombreuses fois durant cet entretien d\u00e9voilant, derri\u00e8re la l\u00e9g\u00e8ret\u00e9, une vraie r\u00e9volt\u00e9e, une antifasciste farouche, une ancienne punk ayant peu \u00e0 peu gliss\u00e9 vers la dance music et la pop, et qui a publi\u00e9 son premier album, Godspeed, \u00e0 l\u2019\u00e9t\u00e9 2024, \u00e0 l\u2019\u00e2ge de 46 ans. Le single Edge of Saturday Night, en collaboration avec Kylie Minogue, a \u00e9t\u00e9 un beau carton.<\/p>\n<p class=\"sc-ksZaOG ehjQrN text-element\">Mais elle a pass\u00e9 l\u2019\u00e2ge d\u2019arrondir les angles. Active depuis le milieu des ann\u00e9es 2000, auparavant connue sous le nom de The Black Madonna, elle a jou\u00e9 dans le monde entier, habit\u00e9 des villes qui, \u00e0 l\u2019\u00e9chelle des musiques \u00e9lectroniques, font office d\u2019\u00e9picentres comme Chicago, puis Berlin, Londres d\u00e9sormais, s\u2019y est impos\u00e9e comme l\u2019une des artistes les plus pris\u00e9es. Pourtant, et malgr\u00e9 la d\u00e9contracti<\/p>\n","protected":false},"excerpt":{"rendered":"\u00abJe suis de bonne humeur ce matin.\u00bb Devant son ordinateur, en ce d\u00e9but d\u2019interview \u00e0 distance, The Blessed&hellip;\n","protected":false},"author":2,"featured_media":127814,"comment_status":"","ping_status":"","sticky":false,"template":"","format":"standard","meta":{"footnotes":""},"categories":[1355],"tags":[58,59,1011,27,1361,873,25143],"class_list":{"0":"post-127813","1":"post","2":"type-post","3":"status-publish","4":"format-standard","5":"has-post-thumbnail","7":"category-musique","8":"tag-divertissement","9":"tag-entertainment","10":"tag-fr","11":"tag-france","12":"tag-music","13":"tag-musique","14":"tag-musiques-electroniques"},"share_on_mastodon":{"url":"https:\/\/pubeurope.com\/@fr\/114570567647362618","error":""},"_links":{"self":[{"href":"https:\/\/www.europesays.com\/fr\/wp-json\/wp\/v2\/posts\/127813","targetHints":{"allow":["GET"]}}],"collection":[{"href":"https:\/\/www.europesays.com\/fr\/wp-json\/wp\/v2\/posts"}],"about":[{"href":"https:\/\/www.europesays.com\/fr\/wp-json\/wp\/v2\/types\/post"}],"author":[{"embeddable":true,"href":"https:\/\/www.europesays.com\/fr\/wp-json\/wp\/v2\/users\/2"}],"replies":[{"embeddable":true,"href":"https:\/\/www.europesays.com\/fr\/wp-json\/wp\/v2\/comments?post=127813"}],"version-history":[{"count":0,"href":"https:\/\/www.europesays.com\/fr\/wp-json\/wp\/v2\/posts\/127813\/revisions"}],"wp:featuredmedia":[{"embeddable":true,"href":"https:\/\/www.europesays.com\/fr\/wp-json\/wp\/v2\/media\/127814"}],"wp:attachment":[{"href":"https:\/\/www.europesays.com\/fr\/wp-json\/wp\/v2\/media?parent=127813"}],"wp:term":[{"taxonomy":"category","embeddable":true,"href":"https:\/\/www.europesays.com\/fr\/wp-json\/wp\/v2\/categories?post=127813"},{"taxonomy":"post_tag","embeddable":true,"href":"https:\/\/www.europesays.com\/fr\/wp-json\/wp\/v2\/tags?post=127813"}],"curies":[{"name":"wp","href":"https:\/\/api.w.org\/{rel}","templated":true}]}}