{"id":127821,"date":"2025-05-25T21:24:09","date_gmt":"2025-05-25T21:24:09","guid":{"rendered":"https:\/\/www.europesays.com\/fr\/127821\/"},"modified":"2025-05-25T21:24:09","modified_gmt":"2025-05-25T21:24:09","slug":"monica-bellucci-devoile-une-rare-photo-de-sa-fille-leonie-15-ans-pour-la-fete-des-meres","status":"publish","type":"post","link":"https:\/\/www.europesays.com\/fr\/127821\/","title":{"rendered":"Monica Bellucci d\u00e9voile une rare photo de sa fille L\u00e9onie, 15 ans, pour la F\u00eate des m\u00e8res"},"content":{"rendered":"<p>\u00c0 l\u2019occasion de cette journ\u00e9e symbolique, l\u2019actrice italienne a, en r\u00e9alit\u00e9, partag\u00e9 avec ses abonn\u00e9s deux clich\u00e9s personnels. Le premier avec Deva, sa fille a\u00een\u00e9e de 20 ans, et l\u2019autre avec L\u00e9onie, bien plus discr\u00e8te dans l\u2019espace public.<\/p>\n<p class=\"fig-paragraph\">Deux photos. Une pour chacune de ses filles. Ce dimanche, \u00e0 l\u2019occasion de la\u00a0<a href=\"http:\/\/madame.lefigaro.fr\/style\/special-fetes-des-meres-190517-96560\" data-fig-type=\"Topic\" data-gtm-custom-categorie=\"navigation\" data-gtm-custom-action=\"crossclick\" data-gtm-custom-label=\"Contextuel\" data-gtm-event=\"customEventSPE\" data-fig-domain=\"MADAME\" target=\"_blank\" rel=\"noopener\">F\u00eate des m\u00e8res<\/a>,\u00a0<a href=\"http:\/\/madame.lefigaro.fr\/style\/news\/en-longue-robe-transparente-en-dentelle-monica-bellucci-plus-morticia-addams-que-jamais-a-dubai-20250214\" data-fig-type=\"Article\" data-gtm-custom-categorie=\"navigation\" data-gtm-custom-action=\"crossclick\" data-gtm-custom-label=\"Contextuel\" data-gtm-event=\"customEventSPE\" data-fig-domain=\"MADAME\" target=\"_blank\" rel=\"noopener\">Monica Bellucci<\/a>\u00a0a d\u00e9voil\u00e9 de rares clich\u00e9s avec ses deux filles, Deva et L\u00e9onie Cassel, n\u00e9es de son union avec l\u2019acteur Vincent Cassel. \u00abL\u00c9ONIE. DEVA. Vous \u00eates le soleil de ma vie. Bonne f\u00eate des mamans\u00a0!\u00bb, a-t-elle \u00e9crit en l\u00e9gende de sa publication Instagram.<\/p>\n<p class=\"fig-paragraph\">Sur la premi\u00e8re image, l\u2019actrice italienne appara\u00eet avec sa fille cadette, L\u00e9onie, \u00e2g\u00e9e de 15 ans. Cette derni\u00e8re se distingue par sa discr\u00e9tion, \u00e0 l\u2019inverse de sa s\u0153ur a\u00een\u00e9e Deva, que l\u2019on voit sur la seconde photo dans une publicit\u00e9 Dolce &amp; Gabbana. Pr\u00e9sente sur les r\u00e9seaux sociaux, L\u00e9onie y reste toutefois tr\u00e8s r\u00e9serv\u00e9e, ne publiant que quelques vid\u00e9os sur\u00a0<a href=\"http:\/\/madame.lefigaro.fr\/style\/news\/quelle-est-cette-improbable-theorie-du-chapeau-de-zendaya-qui-affole-tiktok-20250512\" data-fig-type=\"Article\" data-gtm-custom-categorie=\"navigation\" data-gtm-custom-action=\"crossclick\" data-gtm-custom-label=\"Contextuel\" data-gtm-event=\"customEventSPE\" data-fig-domain=\"MADAME\" target=\"_blank\" rel=\"noopener\">TikTok<\/a>.<\/p>\n<p class=\"fig-paragraph\">\u00abMa fille la plus jeune, L\u00e9onie, elle fait du th\u00e9\u00e2tre, elle adore \u00e7a\u00bb, avait confi\u00e9 Monica Bellucci sur le plateau de T\u00e9l\u00e9matin en 2022, en \u00e9voquant le peu d\u2019informations connues sur sa benjamine. Une discr\u00e9tion sans doute choisie \u2014 et \u00e0 raison.<\/p>\n","protected":false},"excerpt":{"rendered":"\u00c0 l\u2019occasion de cette journ\u00e9e symbolique, l\u2019actrice italienne a, en r\u00e9alit\u00e9, partag\u00e9 avec ses abonn\u00e9s deux clich\u00e9s personnels.&hellip;\n","protected":false},"author":2,"featured_media":127822,"comment_status":"","ping_status":"","sticky":false,"template":"","format":"standard","meta":{"footnotes":""},"categories":[8],"tags":[976,972,58,59,18808,638,1011,27,977,20642,973,975,974],"class_list":{"0":"post-127821","1":"post","2":"type-post","3":"status-publish","4":"format-standard","5":"has-post-thumbnail","7":"category-divertissement","8":"tag-actu-people","9":"tag-celebrite","10":"tag-divertissement","11":"tag-entertainment","12":"tag-fete-des-meres","13":"tag-figaro","14":"tag-fr","15":"tag-france","16":"tag-madame","17":"tag-monica-bellucci","18":"tag-people","19":"tag-potain-de-stars","20":"tag-star"},"share_on_mastodon":{"url":"https:\/\/pubeurope.com\/@fr\/114570583357940749","error":""},"_links":{"self":[{"href":"https:\/\/www.europesays.com\/fr\/wp-json\/wp\/v2\/posts\/127821","targetHints":{"allow":["GET"]}}],"collection":[{"href":"https:\/\/www.europesays.com\/fr\/wp-json\/wp\/v2\/posts"}],"about":[{"href":"https:\/\/www.europesays.com\/fr\/wp-json\/wp\/v2\/types\/post"}],"author":[{"embeddable":true,"href":"https:\/\/www.europesays.com\/fr\/wp-json\/wp\/v2\/users\/2"}],"replies":[{"embeddable":true,"href":"https:\/\/www.europesays.com\/fr\/wp-json\/wp\/v2\/comments?post=127821"}],"version-history":[{"count":0,"href":"https:\/\/www.europesays.com\/fr\/wp-json\/wp\/v2\/posts\/127821\/revisions"}],"wp:featuredmedia":[{"embeddable":true,"href":"https:\/\/www.europesays.com\/fr\/wp-json\/wp\/v2\/media\/127822"}],"wp:attachment":[{"href":"https:\/\/www.europesays.com\/fr\/wp-json\/wp\/v2\/media?parent=127821"}],"wp:term":[{"taxonomy":"category","embeddable":true,"href":"https:\/\/www.europesays.com\/fr\/wp-json\/wp\/v2\/categories?post=127821"},{"taxonomy":"post_tag","embeddable":true,"href":"https:\/\/www.europesays.com\/fr\/wp-json\/wp\/v2\/tags?post=127821"}],"curies":[{"name":"wp","href":"https:\/\/api.w.org\/{rel}","templated":true}]}}