{"id":127825,"date":"2025-05-25T21:26:13","date_gmt":"2025-05-25T21:26:13","guid":{"rendered":"https:\/\/www.europesays.com\/fr\/127825\/"},"modified":"2025-05-25T21:26:13","modified_gmt":"2025-05-25T21:26:13","slug":"de-grosses-erreurs-detectees-dans-les-versements-des-aides","status":"publish","type":"post","link":"https:\/\/www.europesays.com\/fr\/127825\/","title":{"rendered":"de grosses erreurs d\u00e9tect\u00e9es dans les versements des aides"},"content":{"rendered":"<p>                                        <img width=\"658\" height=\"329\" src=\"https:\/\/www.europesays.com\/fr\/wp-content\/uploads\/2025\/05\/RSA-de-grosses-erreurs-detectees-dans-les-versements-des-aides-658x329.jpg\" class=\"attachment-single-desktop size-single-desktop wp-post-image\" alt=\"RSA: de grosses erreurs d\u00e9tect\u00e9es dans les versements des aides\" fetchpriority=\"high\" loading=\"eager\" decoding=\"sync\"  \/>                                    <\/p>\n<p>                            Nos confr\u00e8res de BFMTV ont rapport\u00e9 qu&rsquo;il y avait eu de grosses erreurs d\u00e9tect\u00e9es dans le versement du RSA ou encore de la prime d&rsquo;activit\u00e9 !<\/p>\n<p>La Cour des comptes a de nouveau tir\u00e9 la sonnette d\u2019alarme sur la gestion des <a href=\"https:\/\/www.tuxboard.com\/ces-aides-financieres-regionales-jusqua-10-000-euros-par-an-que-beaucoup-dallocataires-du-rsa-et-apl-oublient-de-demander\/\" target=\"_blank\" rel=\"noopener\">aides sociales<\/a>, comme le RSA ou la prime d\u2019activit\u00e9, <strong>vers\u00e9es par la branche famille de la S\u00e9curit\u00e9 sociale.<\/strong> Nos confr\u00e8res de BFMTV ont fait plus de <a href=\"https:\/\/www.tuxboard.com\/france-travail-les-controles-et-les-sanctions-sintensifient-a-partir-du-mois-de-juin-23052025\/\" target=\"_blank\" rel=\"noopener\">r\u00e9v\u00e9lations<\/a> sur le sujet.<\/p>\n<p>Un constat alarmant concernant le RSA<\/p>\n<p>Dans un rapport publi\u00e9 le vendredi 16 mai 2025, la Cour des comptes a point\u00e9 du doigt un chiffre pr\u00e9occupant : 6,3 milliards d\u2019euros d\u2019erreurs non corrig\u00e9es dans les prestations vers\u00e9es, ou parfois non vers\u00e9es, \u00e0 la fin de l\u2019ann\u00e9e 2024.<\/p>\n<p>Ces montants ne feront l\u2019objet <strong>d\u2019aucune r\u00e9gularisation, selon les magistrats financiers<\/strong>. Un constat jug\u00e9 \u00ab\u00a0particuli\u00e8rement \u00e9lev\u00e9\u00a0\u00bb par l\u2019institution. Ces irr\u00e9gularit\u00e9s concernent plusieurs <a href=\"https:\/\/www.tuxboard.com\/lidl-vous-offre-un-super-cadeau-le-jour-de-votre-anniversaire-06052025\/\" target=\"_blank\" rel=\"noopener\">aides majeures<\/a>.<\/p>\n<p>C\u2019est le cas du RSA, de la prime d\u2019activit\u00e9 et des aides au logement. Selon la Cour, \u00ab\u00a0ces erreurs repr\u00e9sentent 8 % du montant des prestations\u00a0\u00bb, ce qui rend la situation d\u2019autant plus pr\u00e9occupante.<\/p>\n<p>Ces anomalies ne sont pas des cas isol\u00e9s, rappelle BFMTV. \u00ab\u00a0Les erreurs li\u00e9es aux donn\u00e9es prises en compte pour verser <a href=\"https:\/\/www.tuxboard.com\/rsa-prime-dactivite-aides-au-logement-les-aides-de-la-caf-doivent-elles-etre-declarees-aux-impots-28042025\/\" target=\"_blank\" rel=\"noopener\">les prestations<\/a>\u00ab\u00a0 sont principalement vis\u00e9es, notamment<strong> celles qui ne sont pas corrig\u00e9es apr\u00e8s deux ans<\/strong>.<\/p>\n<p>Une statistique attire particuli\u00e8rement l\u2019attention des experts. \u00ab\u00a0Plus d\u2019un quart des montants vers\u00e9s au titre de la prime d\u2019activit\u00e9 est entach\u00e9 d\u2019erreurs\u00a0\u00bb, affirme le rapport. Cette proportion souligne l\u2019ampleur du probl\u00e8me.<\/p>\n<p>\u00ab\u00a0Ces \u00e9carts restent dus aux erreurs commises par les allocataires\u00a0\u00bb<\/p>\n<p>C\u2019est d\u2019ailleurs pour cette raison que la Cour des comptes d\u00e9clare \u00eatre dans \u00ab\u00a0l\u2019impossibilit\u00e9 de certifier\u00a0\u00bb les comptes de la <a href=\"https:\/\/www.tuxboard.com\/whatsapp-ces-grosses-nouveautes-pour-vos-conversations-et-appels-vont-vous-changer-la-vie-13042025\/\" target=\"_blank\" rel=\"noopener\">Caisse nationale d\u2019allocations familiales<\/a> (Cnaf) pour l\u2019ann\u00e9e 2024. Ce refus de certification, d\u00e9j\u00e0 exprim\u00e9 en 2022 et 2023, se r\u00e9p\u00e8te pour la troisi\u00e8me ann\u00e9e cons\u00e9cutive.<\/p>\n<p>Le directeur g\u00e9n\u00e9ral de la Cnaf, Nicolas Grivel, a tent\u00e9 d\u2019expliquer ces erreurs \u00e0 l\u2019AFP. D\u2019apr\u00e8s lui, elles sont principalement dues aux d\u00e9clarations des b\u00e9n\u00e9ficiaires. \u00ab\u00a0Ces \u00e9carts restent principalement dus aux erreurs commises par les allocataires lorsqu\u2019ils <strong>remplissent leurs d\u00e9clarations de ressources<\/strong>\u00ab\u00a0, pr\u00e9cise-t-il.<\/p>\n<p>Il insiste sur le fait que le calcul du RSA et de la prime d\u2019activit\u00e9 repose sur des revenus r\u00e9cents d\u00e9clar\u00e9s par les b\u00e9n\u00e9ficiaires eux-m\u00eames. Ce qui augmente naturellement les risques de saisie incorrecte. Mais ce n\u2019est pas tout.<\/p>\n<p>Face \u00e0 cette situation, une r\u00e9forme va voir le jour. Il s\u2019agit du dispositif de solidarit\u00e9 \u00e0 la source, mis en place depuis mars. Ce nouveau syst\u00e8me vise \u00e0 limiter les erreurs en automatisant et pr\u00e9remplissant les donn\u00e9es d\u00e9clar\u00e9es.<\/p>\n<p>\u00ab\u00a0Les d\u00e9clarations des allocataires restent pr\u00e9remplies sur la base des informations donn\u00e9es par l\u2019employeur, France Travail ou l\u2019Assurance maladie. Ce <strong>qui devrait diminuer le risque d\u2019erreur<\/strong>\u00ab\u00a0, affirme Nicolas Grivel.<\/p>\n<p>Une autre branche affect\u00e9e<\/p>\n<p>Si ce m\u00e9canisme tient ses promesses, il pourrait r\u00e9duire les erreurs et am\u00e9liorer la fiabilit\u00e9 du syst\u00e8me. Le probl\u00e8me ne vient pas juste d\u2019une seule branche famille. Pour les autres composantes de la S\u00e9curit\u00e9 sociale, la Cour des comptes a \u00e9galement exprim\u00e9 des r\u00e9serves.<\/p>\n<p>La branche maladie reste particuli\u00e8rement vis\u00e9e apr\u00e8s le RSA et les autres aides. \u00ab\u00a0Le montant estim\u00e9 des erreurs affectant les r\u00e8glements de frais de sant\u00e9 <strong>se d\u00e9grade par rapport \u00e0 2023 et atteint 3,3 milliards d\u2019euros<\/strong>\u00ab\u00a0, indique le rapport.<\/p>\n<p>M\u00eame constat du c\u00f4t\u00e9 des retraites. \u00ab\u00a0Une prestation de retraite sur 10 attribu\u00e9e \u00e0 d\u2019anciens salari\u00e9s comporte une erreur financi\u00e8re\u00a0\u00bb, pr\u00e9cise aussi la Cour. Elle note tout de m\u00eame une am\u00e9lioration, puisque le chiffre \u00e9tait de 1 sur 8 l\u2019ann\u00e9e pr\u00e9c\u00e9dente.<\/p>\n<p>Ces erreurs affectent directement les montants per\u00e7us par les retrait\u00e9s. Ce qui peut avoir des cons\u00e9quences significatives sur leur niveau de vie. Enfin, en ce qui concerne la fraude, la Cour pointe un d\u00e9faut d\u2019actualisation des donn\u00e9es.<\/p>\n<p>Elle estime que l\u2019\u00e9valuation actuelle de la Caisse nationale d\u2019assurance maladie, qui <strong>varie aussi entre 1,4 et 1,9 milliard d\u2019euros<\/strong>, se montre impr\u00e9cise.<\/p>\n<p>                                    <img loading=\"lazy\" decoding=\"async\" src=\"data:image\/svg+xml,%3Csvg%20xmlns=\" http:=\"\" itemprop=\"image\" width=\"32\" height=\"32\" alt=\"avatar\" class=\"avatar avatar-32\" data-lazy-src=\"https:\/\/www.europesays.com\/fr\/wp-content\/uploads\/2025\/05\/victoria-bernard.jpg\"\/>                                                                    <\/p>\n<p>                                    <a class=\"post-author-name\" href=\"https:\/\/www.tuxboard.com\/author\/victoriabernard2022tx\/\" title=\"Victoria Bernard\" itemprop=\"url\" target=\"_blank\" rel=\"noopener\">Victoria Bernard<\/a><\/p>\n<p itemprop=\"description\">Diplom\u00e9e d&rsquo;une grande \u00e9cole de journaliste et j&rsquo;ai aussi un dipl\u00f4me en pr\u00e9paration d&rsquo;ap\u00e9ro. J&rsquo;adore \u00e9crire et surtout pour Tuxboard, l&rsquo;\u00e9quipe est vraiment top et les sujets tr\u00e8s vari\u00e9s m\u00eame si je pr\u00e9f\u00e8re \u00e9crire sur le m\u00e9dia et aussi les tendances mode !<\/p>\n","protected":false},"excerpt":{"rendered":"Nos confr\u00e8res de BFMTV ont rapport\u00e9 qu&rsquo;il y avait eu de grosses erreurs d\u00e9tect\u00e9es dans le versement du&hellip;\n","protected":false},"author":2,"featured_media":127826,"comment_status":"","ping_status":"","sticky":false,"template":"","format":"standard","meta":{"footnotes":""},"categories":[6],"tags":[35,33,34,1011,27,12097],"class_list":{"0":"post-127825","1":"post","2":"type-post","3":"status-publish","4":"format-standard","5":"has-post-thumbnail","7":"category-economie","8":"tag-business","9":"tag-economie","10":"tag-economy","11":"tag-fr","12":"tag-france","13":"tag-rsa"},"share_on_mastodon":{"url":"https:\/\/pubeurope.com\/@fr\/114570591196175127","error":""},"_links":{"self":[{"href":"https:\/\/www.europesays.com\/fr\/wp-json\/wp\/v2\/posts\/127825","targetHints":{"allow":["GET"]}}],"collection":[{"href":"https:\/\/www.europesays.com\/fr\/wp-json\/wp\/v2\/posts"}],"about":[{"href":"https:\/\/www.europesays.com\/fr\/wp-json\/wp\/v2\/types\/post"}],"author":[{"embeddable":true,"href":"https:\/\/www.europesays.com\/fr\/wp-json\/wp\/v2\/users\/2"}],"replies":[{"embeddable":true,"href":"https:\/\/www.europesays.com\/fr\/wp-json\/wp\/v2\/comments?post=127825"}],"version-history":[{"count":0,"href":"https:\/\/www.europesays.com\/fr\/wp-json\/wp\/v2\/posts\/127825\/revisions"}],"wp:featuredmedia":[{"embeddable":true,"href":"https:\/\/www.europesays.com\/fr\/wp-json\/wp\/v2\/media\/127826"}],"wp:attachment":[{"href":"https:\/\/www.europesays.com\/fr\/wp-json\/wp\/v2\/media?parent=127825"}],"wp:term":[{"taxonomy":"category","embeddable":true,"href":"https:\/\/www.europesays.com\/fr\/wp-json\/wp\/v2\/categories?post=127825"},{"taxonomy":"post_tag","embeddable":true,"href":"https:\/\/www.europesays.com\/fr\/wp-json\/wp\/v2\/tags?post=127825"}],"curies":[{"name":"wp","href":"https:\/\/api.w.org\/{rel}","templated":true}]}}