{"id":127827,"date":"2025-05-25T21:27:09","date_gmt":"2025-05-25T21:27:09","guid":{"rendered":"https:\/\/www.europesays.com\/fr\/127827\/"},"modified":"2025-05-25T21:27:09","modified_gmt":"2025-05-25T21:27:09","slug":"le-guyana-devra-accepter-la-souverainete-du-venezuela-sur-lessequibo-declare-maduro","status":"publish","type":"post","link":"https:\/\/www.europesays.com\/fr\/127827\/","title":{"rendered":"Le Guyana devra \u00abaccepter la souverainet\u00e9\u00bb du Venezuela sur l&rsquo;Essequibo, d\u00e9clare Maduro"},"content":{"rendered":"<p>\u00abMaintenant, avec un gouverneur l\u00e0-bas avec des ressources, un budget et avec tout le soutien que je vais apporter, nous allons r\u00e9cup\u00e9rer la Guayana Esequiba pour le peuple\u00bb, a affirm\u00e9 le pr\u00e9sident v\u00e9n\u00e9zu\u00e9lien ce dimanche.<\/p>\n<p class=\"fig-paragraph\">Le pr\u00e9sident v\u00e9n\u00e9zu\u00e9lien\u00a0<a href=\"http:\/\/www.lefigaro.fr\/international\/dossier\/venezuela-crise-maduro-guaido-presidentielle\" data-fig-type=\"Topic\" data-gtm-custom-categorie=\"navigation\" data-gtm-custom-action=\"crossclick\" data-gtm-custom-label=\"Contextuel\" data-gtm-event=\"customEventSPE\" data-fig-domain=\"LEFIGARO\" rel=\"nofollow noopener\" target=\"_blank\">Nicolas Maduro<\/a>\u00a0a d\u00e9clar\u00e9 ce dimanche que le Guyana devra \u00abplus t\u00f4t que tard (&#8230;) accepter la souverainet\u00e9\u00bb du Venezuela sur\u00a0<a href=\"http:\/\/www.lefigaro.fr\/conjoncture\/les-actions-agressives-auront-des-consequences-la-tension-monte-entre-l-eldorado-petrolier-du-guyana-et-le-venezuela-20250525\" data-fig-type=\"Article\" data-gtm-custom-categorie=\"navigation\" data-gtm-custom-action=\"crossclick\" data-gtm-custom-label=\"Contextuel\" data-gtm-event=\"customEventSPE\" data-fig-domain=\"LEFIGARO\" rel=\"nofollow noopener\" target=\"_blank\">l&rsquo;Essequibo, territoire riche en p\u00e9trole que Caracas r\u00e9clame \u00e0 Georgetown<\/a>.<\/p>\n<p class=\"fig-paragraph\">Les autorit\u00e9s v\u00e9n\u00e9zu\u00e9liennes ont fait \u00e9lire dans une micro-circonscription fra\u00eechement cr\u00e9\u00e9e \u00e0 la fronti\u00e8re guyanienne un gouverneur, 8 d\u00e9put\u00e9s et des conseillers r\u00e9gionaux pour le Guayana Esequiba (nom utilis\u00e9 par le Venezuela pour l&rsquo;Essequibo), devenu le 24e \u00c9tat du pays selon une loi de 2024, alors que l&rsquo;Essequibo est sous administration guyanienne.<\/p>\n<p class=\"fig-paragraph\">Le diff\u00e9rend centenaire entre les deux pays sur les 160.000 km\u00b2 de l&rsquo;Essequibo a \u00e9t\u00e9 raviv\u00e9 en 2015 par la d\u00e9couverte gisements p\u00e9troliers par ExxonMobil. \u00abIrfaan Ali, pr\u00e9sident du Guyana, employ\u00e9 d&rsquo;ExxonMobil, plus t\u00f4t que tard devra s&rsquo;asseoir avec moi pour discuter et accepter la souverainet\u00e9 v\u00e9n\u00e9zu\u00e9lienne\u00bb, a d\u00e9clar\u00e9 Nicolas Maduro apr\u00e8s avoir vot\u00e9 \u00e0 Caracas lors des \u00e9lections l\u00e9gislatives et r\u00e9gionales de dimanche.<\/p>\n<p class=\"fig-paragraph\">\u00abC&rsquo;est la naissance de la nouvelle souverainet\u00e9 v\u00e9n\u00e9zu\u00e9lienne\u00bb, a assur\u00e9 le pr\u00e9sident Maduro. \u00abLa R\u00e9publique coop\u00e9rative de Guyana a \u00e9t\u00e9 un occupant ill\u00e9gal, h\u00e9ritage de l&#8217;empire britannique qui a occup\u00e9 ill\u00e9galement ce territoire\u00bb. \u00abMaintenant, avec un gouverneur l\u00e0-bas avec des ressources, un budget et avec tout le soutien que je vais apporter, nous allons r\u00e9cup\u00e9rer la Guayana Esequiba pour le peuple\u00bb, a conclu Nicolas Maduro.<\/p>\n","protected":false},"excerpt":{"rendered":"\u00abMaintenant, avec un gouverneur l\u00e0-bas avec des ressources, un budget et avec tout le soutien que je vais&hellip;\n","protected":false},"author":2,"featured_media":127828,"comment_status":"","ping_status":"","sticky":false,"template":"","format":"standard","meta":{"footnotes":""},"categories":[5],"tags":[259,11,260,1011,27,25144,14,261,12,338,262,337,28],"class_list":{"0":"post-127827","1":"post","2":"type-post","3":"status-publish","4":"format-standard","5":"has-post-thumbnail","7":"category-international","8":"tag-actualite-internationale","9":"tag-actualites","10":"tag-affaires-etrangeres","11":"tag-fr","12":"tag-france","13":"tag-guyana","14":"tag-international","15":"tag-ministere-des-affaires-etrangeres","16":"tag-news","17":"tag-nicolas-maduro","18":"tag-politique-etrangere","19":"tag-venezuela","20":"tag-world"},"share_on_mastodon":{"url":"https:\/\/pubeurope.com\/@fr\/114570595067715822","error":""},"_links":{"self":[{"href":"https:\/\/www.europesays.com\/fr\/wp-json\/wp\/v2\/posts\/127827","targetHints":{"allow":["GET"]}}],"collection":[{"href":"https:\/\/www.europesays.com\/fr\/wp-json\/wp\/v2\/posts"}],"about":[{"href":"https:\/\/www.europesays.com\/fr\/wp-json\/wp\/v2\/types\/post"}],"author":[{"embeddable":true,"href":"https:\/\/www.europesays.com\/fr\/wp-json\/wp\/v2\/users\/2"}],"replies":[{"embeddable":true,"href":"https:\/\/www.europesays.com\/fr\/wp-json\/wp\/v2\/comments?post=127827"}],"version-history":[{"count":0,"href":"https:\/\/www.europesays.com\/fr\/wp-json\/wp\/v2\/posts\/127827\/revisions"}],"wp:featuredmedia":[{"embeddable":true,"href":"https:\/\/www.europesays.com\/fr\/wp-json\/wp\/v2\/media\/127828"}],"wp:attachment":[{"href":"https:\/\/www.europesays.com\/fr\/wp-json\/wp\/v2\/media?parent=127827"}],"wp:term":[{"taxonomy":"category","embeddable":true,"href":"https:\/\/www.europesays.com\/fr\/wp-json\/wp\/v2\/categories?post=127827"},{"taxonomy":"post_tag","embeddable":true,"href":"https:\/\/www.europesays.com\/fr\/wp-json\/wp\/v2\/tags?post=127827"}],"curies":[{"name":"wp","href":"https:\/\/api.w.org\/{rel}","templated":true}]}}