{"id":127834,"date":"2025-05-25T21:31:24","date_gmt":"2025-05-25T21:31:24","guid":{"rendered":"https:\/\/www.europesays.com\/fr\/127834\/"},"modified":"2025-05-25T21:31:24","modified_gmt":"2025-05-25T21:31:24","slug":"ligue-2-anthony-briancon-annonce-son-depart-de-lasse","status":"publish","type":"post","link":"https:\/\/www.europesays.com\/fr\/127834\/","title":{"rendered":"Ligue 2. Anthony Brian\u00e7on annonce son d\u00e9part de l\u2019ASSE"},"content":{"rendered":"<p>Deux saisons pleines, avec la mont\u00e9e en point d\u2019orgue en juin dernier, et un ultime exercice \u00e0 jouer les utilit\u00e9s \u00e0 l\u2019entra\u00eenement, marqu\u00e9 par une seule petite minute de jeu contre Rennes\u00a0: c\u2019est le r\u00e9sum\u00e9 de la carri\u00e8re en Vert d\u2019Anthony Brian\u00e7on (30 ans) qui a annonc\u00e9 ce dimanche, via un post sur instagram, qu\u2019il \u00e9tait temps de \u00ab\u00a0refermer\u00a0\u00bb le chapitre de sa vie st\u00e9phanoise (58 matches, 2 buts).<\/p>\n<p>En fin de contrat le 30\u00a0juin, contrairement \u00e0 d\u2019autres co\u00e9quipiers qui avait n\u00e9goci\u00e9 une option de prolongation automatique avec la mont\u00e9e il y a un an, l\u2019ex-N\u00eemois est donc arriv\u00e9 au bout de son aventure dans le Forez dans la discr\u00e9tion.<\/p>\n<p>Ce contenu est bloqu\u00e9 car vous n&rsquo;avez pas accept\u00e9 les cookies et autres traceurs.<\/p>\n<p>En cliquant sur \u00ab J\u2019accepte \u00bb, les cookies et autres traceurs seront d\u00e9pos\u00e9s et vous pourrez visualiser les contenus  (<a href=\"\" class=\"consentModule_policy\" target=\"_blank\" title=\"Consulter la politique de protection des donn\u00e9es du fournisseur\">plus d&rsquo;informations<\/a>).<\/p>\n<p>En cliquant sur \u00ab J\u2019accepte tous les cookies \u00bb, vous autorisez des d\u00e9p\u00f4ts de cookies et autres traceurs pour le stockage de vos donn\u00e9es sur nos sites et applications \u00e0 des fins de personnalisation et de ciblage publicitaire.<\/p>\n<p class=\"consentModule_secondaryText\">Vous gardez la possibilit\u00e9 de retirer votre consentement \u00e0 tout moment en consultant notre <a href=\"https:\/\/www.leprogres.fr\/protection-des-donnees\" target=\"_blank\" title=\"Consulter notre politique de protection des donn\u00e9es\" rel=\"noopener\">politique de protection des donn\u00e9es<\/a>. <br \/>&#13;<br \/>\n            <a href=\"https:\/\/www.leprogres.fr\/sport\/2025\/05\/25\/javascript:Didomi.notice.show()\" class=\"consentModule_cmp\" target=\"_blank\" rel=\"noopener\">G\u00e9rer mes choix<\/a>&#13;\n        <\/p>\n<p>&#13;<br \/>\n                        J&rsquo;accepte&#13;<br \/>\n            J&rsquo;accepte tous les cookies&#13;\n        <\/p>\n<p>  Un leader de vestiaire et sur le terrain<\/p>\n<p>Arriv\u00e9 libre de N\u00eemes en juillet\u00a02022, le d\u00e9fenseur central a d\u2019embl\u00e9e endoss\u00e9 son statut de cadre et de leader, intronis\u00e9 capitaine par <a href=\"https:\/\/www.leprogres.fr\/p\/laurent-batlles\" target=\"_blank\" rel=\"noopener\">Laurent Batlles<\/a>. L\u2019homme \u00e0 l\u2019accent chantant a contribu\u00e9 \u00e0 stabiliser la d\u00e9fense par son exp\u00e9rience et son engagement.<\/p>\n<p>Avant de perdre sa place au pire moment, lors du playoff face \u00e0 Rodez puis pour le barrage victorieux contre Metz il y a un an. <a href=\"https:\/\/www.leprogres.fr\/sport\/2024\/06\/04\/on-a-vu-des-choses-bizarres-dans-les-coulisses-des-festivites-de-l-asse-promue-en-ligue-1\" target=\"_blank\" rel=\"noopener\">Ce qui ne l\u2019emp\u00eachera pas d\u2019\u00eatre un des meneurs de la longue nuit de java qui suivra.<\/a><\/p>\n<p>  \u00abUne derni\u00e8re saison difficile\u00bb<\/p>\n<p>Il ne le sait pas encore, mais il vient quasiment de vivre ses derni\u00e8res \u00e9motions sur le terrain. Trahi par son genou et longtemps indisponible, puis rel\u00e9gu\u00e9 dans la hi\u00e9rarchie des centraux, il ne conna\u00eetra sa premi\u00e8re dans le groupe que lors de la r\u00e9ception de Reims en janvier. Seulement cinq autres suivront. Une souffrance autant qu\u2019une immense frustration.<\/p>\n<p>\u00ab\u00a0Cette derni\u00e8re saison a \u00e9t\u00e9 difficile et j\u2019ai d\u00fb apprendre \u00e0 vivre le football autrement, en silence, avoue-t-il. Malgr\u00e9 tout, Saint-Etienne restera \u00e0 jamais une ville sp\u00e9ciale pour moi. C\u2019est ici que mes deux filles sont n\u00e9es. Je quitte Saint\u00e9 avec le sentiment d\u2019avoir tout donn\u00e9.\u00a0\u00bb<\/p>\n<p>Le trentenaire devrait se mettre \u00e0 la recherche d\u2019un nouveau challenge, facilit\u00e9 par son d\u00e9part libre.<\/p>\n","protected":false},"excerpt":{"rendered":"Deux saisons pleines, avec la mont\u00e9e en point d\u2019orgue en juin dernier, et un ultime exercice \u00e0 jouer&hellip;\n","protected":false},"author":2,"featured_media":127835,"comment_status":"","ping_status":"","sticky":false,"template":"","format":"standard","meta":{"footnotes":""},"categories":[9653],"tags":[1111,11,4000,2430,7539,1777,674,107,63,1011,27,3367,23100,12,25,4001,7538,517],"class_list":{"0":"post-127834","1":"post","2":"type-post","3":"status-publish","4":"format-standard","5":"has-post-thumbnail","7":"category-saint-etienne","8":"tag-actu","9":"tag-actualites","10":"tag-asse-as-saint-etienne-football","11":"tag-auvergne-rhone-alpes","12":"tag-edition-loire-sud","13":"tag-eu","14":"tag-europe","15":"tag-fil-info","16":"tag-football","17":"tag-fr","18":"tag-france","19":"tag-loire","20":"tag-mercato-football","21":"tag-news","22":"tag-republique-francaise","23":"tag-saint-etienne","24":"tag-saint-etienne-ville","25":"tag-sport"},"share_on_mastodon":{"url":"https:\/\/pubeurope.com\/@fr\/114570610772701318","error":""},"_links":{"self":[{"href":"https:\/\/www.europesays.com\/fr\/wp-json\/wp\/v2\/posts\/127834","targetHints":{"allow":["GET"]}}],"collection":[{"href":"https:\/\/www.europesays.com\/fr\/wp-json\/wp\/v2\/posts"}],"about":[{"href":"https:\/\/www.europesays.com\/fr\/wp-json\/wp\/v2\/types\/post"}],"author":[{"embeddable":true,"href":"https:\/\/www.europesays.com\/fr\/wp-json\/wp\/v2\/users\/2"}],"replies":[{"embeddable":true,"href":"https:\/\/www.europesays.com\/fr\/wp-json\/wp\/v2\/comments?post=127834"}],"version-history":[{"count":0,"href":"https:\/\/www.europesays.com\/fr\/wp-json\/wp\/v2\/posts\/127834\/revisions"}],"wp:featuredmedia":[{"embeddable":true,"href":"https:\/\/www.europesays.com\/fr\/wp-json\/wp\/v2\/media\/127835"}],"wp:attachment":[{"href":"https:\/\/www.europesays.com\/fr\/wp-json\/wp\/v2\/media?parent=127834"}],"wp:term":[{"taxonomy":"category","embeddable":true,"href":"https:\/\/www.europesays.com\/fr\/wp-json\/wp\/v2\/categories?post=127834"},{"taxonomy":"post_tag","embeddable":true,"href":"https:\/\/www.europesays.com\/fr\/wp-json\/wp\/v2\/tags?post=127834"}],"curies":[{"name":"wp","href":"https:\/\/api.w.org\/{rel}","templated":true}]}}