{"id":127836,"date":"2025-05-25T21:34:26","date_gmt":"2025-05-25T21:34:26","guid":{"rendered":"https:\/\/www.europesays.com\/fr\/127836\/"},"modified":"2025-05-25T21:34:26","modified_gmt":"2025-05-25T21:34:26","slug":"nationale-2-f-le-vntc-accroche-son-maintien-le-well-nancy-simpose-mais-descend","status":"publish","type":"post","link":"https:\/\/www.europesays.com\/fr\/127836\/","title":{"rendered":"Nationale 2 (F). Le VNTC accroche son maintien, le Well Nancy s\u2019impose mais descend"},"content":{"rendered":"<p>                    VNTC &#8211; SNUC\u00a0: 3-3<\/p>\n<p>Rappelez-vous, il y a un an, le VNTC d\u00e9crochait son billet pour la N2 sur un coup du destin. Lors de son d\u00e9placement \u00e0 Calais, l\u2019armada nordiste, promise \u00e0 l\u2019accession, n\u2019a pu pr\u00e9senter suffisamment d\u2019arbitres. Une d\u00e9faillance qui permettait au VNTC d\u2019empocher les points de la victoire. Douze mois plus tard, Magali Goesel et ses copines ont prouv\u00e9 qu\u2019elles m\u00e9ritaient leur place en N2.<\/p>\n<p>Leur maintien dans cette division&#8230;<\/p>\n","protected":false},"excerpt":{"rendered":"VNTC &#8211; SNUC\u00a0: 3-3 Rappelez-vous, il y a un an, le VNTC d\u00e9crochait son billet pour la N2&hellip;\n","protected":false},"author":2,"featured_media":127837,"comment_status":"","ping_status":"","sticky":false,"template":"","format":"standard","meta":{"footnotes":""},"categories":[9635],"tags":[1111,11,1704,1777,674,1011,27,775,10262,1702,12,25,517,1700,1467,10261],"class_list":{"0":"post-127836","1":"post","2":"type-post","3":"status-publish","4":"format-standard","5":"has-post-thumbnail","7":"category-nancy","8":"tag-actu","9":"tag-actualites","10":"tag-edition-nancy-et-agglomeration","11":"tag-eu","12":"tag-europe","13":"tag-fr","14":"tag-france","15":"tag-grand-est","16":"tag-metropole-du-grand-nancy-54b5","17":"tag-nancy","18":"tag-news","19":"tag-republique-francaise","20":"tag-sport","21":"tag-sport-lorrain","22":"tag-tennis","23":"tag-villers-les-nancy"},"share_on_mastodon":{"url":"https:\/\/pubeurope.com\/@fr\/114570622640754914","error":""},"_links":{"self":[{"href":"https:\/\/www.europesays.com\/fr\/wp-json\/wp\/v2\/posts\/127836","targetHints":{"allow":["GET"]}}],"collection":[{"href":"https:\/\/www.europesays.com\/fr\/wp-json\/wp\/v2\/posts"}],"about":[{"href":"https:\/\/www.europesays.com\/fr\/wp-json\/wp\/v2\/types\/post"}],"author":[{"embeddable":true,"href":"https:\/\/www.europesays.com\/fr\/wp-json\/wp\/v2\/users\/2"}],"replies":[{"embeddable":true,"href":"https:\/\/www.europesays.com\/fr\/wp-json\/wp\/v2\/comments?post=127836"}],"version-history":[{"count":0,"href":"https:\/\/www.europesays.com\/fr\/wp-json\/wp\/v2\/posts\/127836\/revisions"}],"wp:featuredmedia":[{"embeddable":true,"href":"https:\/\/www.europesays.com\/fr\/wp-json\/wp\/v2\/media\/127837"}],"wp:attachment":[{"href":"https:\/\/www.europesays.com\/fr\/wp-json\/wp\/v2\/media?parent=127836"}],"wp:term":[{"taxonomy":"category","embeddable":true,"href":"https:\/\/www.europesays.com\/fr\/wp-json\/wp\/v2\/categories?post=127836"},{"taxonomy":"post_tag","embeddable":true,"href":"https:\/\/www.europesays.com\/fr\/wp-json\/wp\/v2\/tags?post=127836"}],"curies":[{"name":"wp","href":"https:\/\/api.w.org\/{rel}","templated":true}]}}