{"id":127845,"date":"2025-05-25T21:40:14","date_gmt":"2025-05-25T21:40:14","guid":{"rendered":"https:\/\/www.europesays.com\/fr\/127845\/"},"modified":"2025-05-25T21:40:14","modified_gmt":"2025-05-25T21:40:14","slug":"dans-les-coulisses-du-nouveau-noz-qui-ouvre-pres-de-rouen","status":"publish","type":"post","link":"https:\/\/www.europesays.com\/fr\/127845\/","title":{"rendered":"dans les coulisses du nouveau Noz qui ouvre pr\u00e8s de Rouen"},"content":{"rendered":"<p>            Par<br \/>\n        <strong><br \/>\n            <a href=\"https:\/\/actu.fr\/auteur\/aurelien-delavaud\" title=\"Consulter tous les articles de Aur\u00e9lien Delavaud\" rel=\"nofollow noopener\" target=\"_blank\">Aur\u00e9lien Delavaud<\/a><br \/>\n        <\/strong><\/p>\n<p>        Publi\u00e9 le<\/p>\n<p>            25 mai 2025 \u00e0 20h50        <\/p>\n<p>Le compte \u00e0 rebours a commenc\u00e9, mais l\u2019ambiance semble encore tr\u00e8s d\u00e9tendue.<\/p>\n<p class=\" wall-content\">Pourtant, ce lundi 19 mai 2025, il ne reste que huit jours avant l\u2019<a href=\"https:\/\/actu.fr\/normandie\/caudebec-les-elbeuf_76165\/pres-de-rouen-noz-accelere-les-preparatifs-et-decale-tres-legerement-sa-date-douverture_62637873.html\" rel=\"nofollow noopener\" target=\"_blank\">ouverture du nouveau magasin Noz<\/a> de Caudebec (Seine-Maritime).<\/p>\n<p class=\" wall-content\">Dans le grand <b>local commercial<\/b> lumineux, <a href=\"https:\/\/actu.fr\/normandie\/caudebec-les-elbeuf_76165\/agglo-delbeuf-le-demenagement-daldi-se-precise_61128775.html\" rel=\"nofollow noopener\" target=\"_blank\">anciennement occup\u00e9 par Aldi<\/a>, tout a chang\u00e9. Depuis quelques jours, ce sont les grands bacs caract\u00e9ristiques de l\u2019enseigne de <b>d\u00e9stockage<\/b> qui occupent les lieux et, depuis une semaine, une quinzaine de salari\u00e9s s\u2019affairent \u00e0 les remplir avec tous les produits qui seront propos\u00e9s aux clients, le jour de l\u2019ouverture, le mardi 27 mai 2025.<\/p>\n<p>Une r\u00e9organisation sans fin<\/p>\n<p class=\" wall-content\">\u00ab\u00a0Tout a \u00e9t\u00e9 pens\u00e9. On a tout organis\u00e9 en <b>plusieurs espaces<\/b>, comme les surgel\u00e9s qui seront pr\u00e8s des caisses, les produits d\u2019hygi\u00e8ne et de soin, le jardin, l\u2019alimentaire\u00a0\u00bb, \u00e9num\u00e8re Thomas Caradec, le g\u00e9rant de ce <b>nouveau magasin<\/b> de la marque, fier de faire le tour du propri\u00e9taire.\u00a0<\/p>\n<p class=\" wall-content\">\u00c0 l\u2019entr\u00e9e du magasin, tout semble fin pr\u00eat pour l\u2019ouverture. \u00ab\u00a0D\u2019ailleurs, il y a pas mal de gens qui viennent d\u00e9j\u00e0. On doit leur dire qu\u2019on n\u2019est pas encore ouvert\u00a0\u00bb, s\u2019amuse le responsable.<\/p>\n<p class=\" wall-content\">Le jour de notre visite, c\u2019est plus vers l\u2019arri\u00e8re du magasin que les \u00e9quipes sont en train de s\u2019affairer. Prendre les v\u00eatements, les mettre sur des cintres, les accrocher sur des portants\u2026 Ici, c\u2019est l\u2019espace textile de marque qui prend forme.<\/p>\n<p>Vid\u00e9os : en ce moment sur Actu<\/p>\n<p class=\" wall-content\">\u00c0 la fin de la semaine, ce seront les produits surgel\u00e9s qui seront r\u00e9ceptionn\u00e9s puis rang\u00e9s dans les cong\u00e9lateurs. Pour Thomas Caradec, ces pr\u00e9paratifs sont une <b>bonne r\u00e9p\u00e9tition g\u00e9n\u00e9rale<\/b> pour les salari\u00e9s, qui ont tous rejoint l\u2019enseigne r\u00e9cemment.<\/p>\n<blockquote class=\"ac-article-quote wall-content\">\n<p>La particularit\u00e9 chez Noz, c\u2019est qu\u2019il y a des arrivages tous les deux jours. Le bon c\u00f4t\u00e9 pour le client, c\u2019est que le magasin est diff\u00e9rent \u00e0 chaque visite. Pour nous, \u00e7a demande pas mal d\u2019organisation et de modifications.<\/p>\n<p>Thomas Caradec<\/p><\/blockquote>\n<p class=\" wall-content\">Par exemple, le responsable sait d\u00e9j\u00e0 que la palette de chaises et de transats devrait vite trouver des acheteurs, et qu\u2019il faudra vite mettre une autre palette ou des casiers \u00e0 cet endroit.<\/p>\n<p>Faire une bonne premi\u00e8re impression<\/p>\n<p class=\" wall-content\">Pour le moment, les rayons sont impeccablement rang\u00e9s. Dans les casiers, les produits sont bien align\u00e9s, les t-shirts sont soigneusement pli\u00e9s, les bo\u00eetes sont empil\u00e9es\u2026 Rien ne d\u00e9passe. Loin de l\u2019image parfois d\u00e9nonc\u00e9e par les d\u00e9tracteurs de Noz.<\/p>\n<p>    <img   decoding=\"async\" loading=\"lazy\" class=\"size-large\" src=\"https:\/\/www.europesays.com\/fr\/wp-content\/uploads\/2025\/05\/db6840274b286df6840274b28c3784v-960x640.jpg\" alt=\"Pr\u00e9paratifs Noz Caudebec\" width=\"960\" height=\"640\"\/><br \/>\n    Pour satisfaire ses clients, le Noz de Caudebec mise sur des bacs bien rang\u00e9s. \u00a9Aur\u00e9lien Delavaud<\/p>\n<p class=\" wall-content\">Et c\u2019est un v\u00e9ritable enjeu pour Thomas Caradec : \u00ab\u00a0On mise tout sur le <b>parcours client<\/b>, donc il faut se fixer avec ce rangement bien carr\u00e9, pour pas avoir cet effet bazar.\u00a0\u00bb\u00a0<\/p>\n<p>    <img   decoding=\"async\" loading=\"lazy\" class=\"size-large\" src=\"https:\/\/www.europesays.com\/fr\/wp-content\/uploads\/2025\/05\/8ba90d3e4b286f60b0d3e4b283e0b0v-960x640.jpg\" alt=\"Caudebec est l'un des premiers magasins \u00e0 disposer d'un espace \" biblioth=\"\" width=\"960\" height=\"640\"\/><br \/>\n    Caudebec est l\u2019un des premiers magasins \u00e0 disposer d\u2019un espace \u00ab biblioth\u00e8que \u00bb. \u00a9Aur\u00e9lien Delavaud<\/p>\n<p class=\" wall-content\">Gr\u00e2ce au travail d\u2019une \u00ab\u00a0superbe \u00e9quipe\u00a0\u00bb, le responsable n\u2019est pas anxieux \u00e0 l\u2019approche de l\u2019ouverture. Au contraire, c\u2019est plut\u00f4t l\u2019excitation qui domine. Bien s\u00fbr, comme pour toute enseigne, le chiffre d\u2019affaires sera un juge de paix.<\/p>\n<p class=\" wall-content\">D\u2019ailleurs, le responsable se fixe l\u2019objectif de \u00ab\u00a0faire plus\u00a0\u00bb que le panier moyen chez <b>Noz<\/b>, qu\u2019il situe \u00ab\u00a0aux alentours de 19 \u20ac\u00a0\u00bb. Mais selon lui, le retour des premiers clients sera un autre crit\u00e8re de r\u00e9ussite incontournable.<\/p>\n<blockquote class=\"ac-article-quote wall-content\">\n<p>Le premier coup d\u2019\u0153il compte beaucoup. Si on nous dit que c\u2019est trop petit ou que c\u2019est beau, ce n\u2019est pas du tout la m\u00eame chose et \u00e7a impacte l\u2019envie de revenir.<\/p>\n<p>Thomas Caradec\u00a0<\/p><\/blockquote>\n<p class=\" wall-content\">Le jour de l\u2019ouverture, il sera certainement au four et au moulin. Mais il laissera peut-\u00eatre trainer une oreille au milieu des all\u00e9es et de ses premiers clients. Histoire de se rassurer.<\/p>\n<p class=\" wall-content\">Suivez toute l\u2019actualit\u00e9 de vos villes et m\u00e9dias favoris en vous inscrivant \u00e0 <a href=\"https:\/\/moncompte.actu.fr\" title=\"D\u00e9couvez Mon Actu\" rel=\"nofollow noopener\" data-trk=\"{&quot;cta&quot;:{&quot;action&quot;:&quot;https:\\\/\\\/moncompte.actu.fr&quot;,&quot;category&quot;:&quot;mon compte&quot;,&quot;from&quot;:&quot;article footer&quot;,&quot;name&quot;:&quot;Mon actu&quot;,&quot;type&quot;:&quot;cta&quot;}}\" target=\"_blank\">Mon Actu<\/a>.<\/p>\n","protected":false},"excerpt":{"rendered":"Par Aur\u00e9lien Delavaud Publi\u00e9 le 25 mai 2025 \u00e0 20h50 Le compte \u00e0 rebours a commenc\u00e9, mais l\u2019ambiance&hellip;\n","protected":false},"author":2,"featured_media":127846,"comment_status":"","ping_status":"","sticky":false,"template":"","format":"standard","meta":{"footnotes":""},"categories":[9587],"tags":[1111,11,215,1777,674,1011,27,12,5161,25,9590,104],"class_list":{"0":"post-127845","1":"post","2":"type-post","3":"status-publish","4":"format-standard","5":"has-post-thumbnail","7":"category-rouen","8":"tag-actu","9":"tag-actualites","10":"tag-commerce","11":"tag-eu","12":"tag-europe","13":"tag-fr","14":"tag-france","15":"tag-news","16":"tag-normandie","17":"tag-republique-francaise","18":"tag-rouen","19":"tag-societe"},"share_on_mastodon":{"url":"https:\/\/pubeurope.com\/@fr\/114570646239878092","error":""},"_links":{"self":[{"href":"https:\/\/www.europesays.com\/fr\/wp-json\/wp\/v2\/posts\/127845","targetHints":{"allow":["GET"]}}],"collection":[{"href":"https:\/\/www.europesays.com\/fr\/wp-json\/wp\/v2\/posts"}],"about":[{"href":"https:\/\/www.europesays.com\/fr\/wp-json\/wp\/v2\/types\/post"}],"author":[{"embeddable":true,"href":"https:\/\/www.europesays.com\/fr\/wp-json\/wp\/v2\/users\/2"}],"replies":[{"embeddable":true,"href":"https:\/\/www.europesays.com\/fr\/wp-json\/wp\/v2\/comments?post=127845"}],"version-history":[{"count":0,"href":"https:\/\/www.europesays.com\/fr\/wp-json\/wp\/v2\/posts\/127845\/revisions"}],"wp:featuredmedia":[{"embeddable":true,"href":"https:\/\/www.europesays.com\/fr\/wp-json\/wp\/v2\/media\/127846"}],"wp:attachment":[{"href":"https:\/\/www.europesays.com\/fr\/wp-json\/wp\/v2\/media?parent=127845"}],"wp:term":[{"taxonomy":"category","embeddable":true,"href":"https:\/\/www.europesays.com\/fr\/wp-json\/wp\/v2\/categories?post=127845"},{"taxonomy":"post_tag","embeddable":true,"href":"https:\/\/www.europesays.com\/fr\/wp-json\/wp\/v2\/tags?post=127845"}],"curies":[{"name":"wp","href":"https:\/\/api.w.org\/{rel}","templated":true}]}}