{"id":127847,"date":"2025-05-25T21:41:21","date_gmt":"2025-05-25T21:41:21","guid":{"rendered":"https:\/\/www.europesays.com\/fr\/127847\/"},"modified":"2025-05-25T21:41:21","modified_gmt":"2025-05-25T21:41:21","slug":"metropole-de-grenoble-1-400-participants-a-la-12e-echirolloise-retrouvez-vous-en-photo","status":"publish","type":"post","link":"https:\/\/www.europesays.com\/fr\/127847\/","title":{"rendered":"M\u00e9tropole de Grenoble. 1\u00a0400 participants \u00e0 la 12e \u00c9chirolloise : retrouvez-vous en photo !"},"content":{"rendered":"<p>Pour sa 12 e \u00e9dition, l\u2019\u00c9chirolloise, la course sportive et solidaire organis\u00e9e par l\u2019association Sport 10, a battu des records. Ce dimanche 25\u00a0mai, entre la course de 5\u00a0km, les deux \u00e9preuves de l\u2019\u00c9chiro\u2019rando (7 et 12\u00a0km) et les courses enfants, ce sont 1\u00a0400 dossards qui ont \u00e9t\u00e9 endoss\u00e9s pour r\u00e9colter des fonds contre le cancer\u00a0! Gr\u00e2ce aux inscriptions, 5\u00a0000\u00a0\u20ac ont \u00e9t\u00e9 revers\u00e9s aux Blouses roses et 10\u00a0000\u00a0\u20ac \u00e0 la Ligue contre le cancer. La Frange verte d\u2019\u00c9chirolles a \u00e9t\u00e9 envahie de maillots roses et on y \u00e9tait. Vous aussi\u00a0? Retrouvez cette journ\u00e9e festive en images.<\/p>\n","protected":false},"excerpt":{"rendered":"Pour sa 12 e \u00e9dition, l\u2019\u00c9chirolloise, la course sportive et solidaire organis\u00e9e par l\u2019association Sport 10, a battu&hellip;\n","protected":false},"author":2,"featured_media":127848,"comment_status":"","ping_status":"","sticky":false,"template":"","format":"standard","meta":{"footnotes":""},"categories":[9566],"tags":[1111,11,2430,7782,1687,9852,9853,112,1777,674,3326,1011,27,5325,2798,2731,108,12,25],"class_list":{"0":"post-127847","1":"post","2":"type-post","3":"status-publish","4":"format-standard","5":"has-post-thumbnail","7":"category-grenoble","8":"tag-actu","9":"tag-actualites","10":"tag-auvergne-rhone-alpes","11":"tag-balades-et-randonnees","12":"tag-culture-loisirs","13":"tag-echirolles","14":"tag-echirolles-bassin","15":"tag-edition-grenoble-agglomeration","16":"tag-eu","17":"tag-europe","18":"tag-fete-locale","19":"tag-fr","20":"tag-france","21":"tag-galerie-media","22":"tag-galerie-photo","23":"tag-grenoble","24":"tag-isere","25":"tag-news","26":"tag-republique-francaise"},"share_on_mastodon":{"url":"https:\/\/pubeurope.com\/@fr\/114570650180120790","error":""},"_links":{"self":[{"href":"https:\/\/www.europesays.com\/fr\/wp-json\/wp\/v2\/posts\/127847","targetHints":{"allow":["GET"]}}],"collection":[{"href":"https:\/\/www.europesays.com\/fr\/wp-json\/wp\/v2\/posts"}],"about":[{"href":"https:\/\/www.europesays.com\/fr\/wp-json\/wp\/v2\/types\/post"}],"author":[{"embeddable":true,"href":"https:\/\/www.europesays.com\/fr\/wp-json\/wp\/v2\/users\/2"}],"replies":[{"embeddable":true,"href":"https:\/\/www.europesays.com\/fr\/wp-json\/wp\/v2\/comments?post=127847"}],"version-history":[{"count":0,"href":"https:\/\/www.europesays.com\/fr\/wp-json\/wp\/v2\/posts\/127847\/revisions"}],"wp:featuredmedia":[{"embeddable":true,"href":"https:\/\/www.europesays.com\/fr\/wp-json\/wp\/v2\/media\/127848"}],"wp:attachment":[{"href":"https:\/\/www.europesays.com\/fr\/wp-json\/wp\/v2\/media?parent=127847"}],"wp:term":[{"taxonomy":"category","embeddable":true,"href":"https:\/\/www.europesays.com\/fr\/wp-json\/wp\/v2\/categories?post=127847"},{"taxonomy":"post_tag","embeddable":true,"href":"https:\/\/www.europesays.com\/fr\/wp-json\/wp\/v2\/tags?post=127847"}],"curies":[{"name":"wp","href":"https:\/\/api.w.org\/{rel}","templated":true}]}}