{"id":127849,"date":"2025-05-25T21:42:22","date_gmt":"2025-05-25T21:42:22","guid":{"rendered":"https:\/\/www.europesays.com\/fr\/127849\/"},"modified":"2025-05-25T21:42:22","modified_gmt":"2025-05-25T21:42:22","slug":"le-maire-de-grenoble-eric-piolle-plaide-pour-une-union-de-la-gauche-des-le-1er-tour","status":"publish","type":"post","link":"https:\/\/www.europesays.com\/fr\/127849\/","title":{"rendered":"le maire de Grenoble Eric Piolle plaide pour une union de la gauche d\u00e8s le 1er tour"},"content":{"rendered":"<p>\t\t\t\t\t\t\t\t\t\t\t<img loading=\"lazy\" decoding=\"async\" width=\"1110\" title=\"Pr\u00e9sidentielle 2027 : le maire de Grenoble Eric Piolle plaide pour une union de la gauche d\u00e8s le 1er tour\" class=\"img-fluid not_lzld mb-3\" src=\"https:\/\/www.europesays.com\/fr\/wp-content\/uploads\/2025\/05\/1110x624_presidentielle-2027-le-maire-de-grenoble-eric-piolle-plaide-pour-une-union-de-la-gauche-des\" alt=\"Pr\u00e9sidentielle 2027 : le maire de Grenoble Eric Piolle plaide pour une union de la gauche d\u00e8s le 1er tour\" itemprop=\"image\" height=\"624\"\/>\t\t\t\t\t\t\t\t\t\t\t\t<\/p>\n<p>Pr\u00e9sidentielle 2027 : le maire de Grenoble Eric Piolle plaide pour une union de la gauche d\u00e8s le 1er tour &#8211; DR<\/p>\n<p itemprop=\"description\"><strong>Alors que certains \u00e0 gauche refusent d\u2019envisager un rassemblement pour la pr\u00e9sidentielle de 2027, notamment avec La France Insoumise, d\u2019autres \u00e9lus estiment qu\u2019une union d\u00e8s le premier tour est essentielle pour contrer une possible victoire du Rassemblement National.<\/strong><\/p>\n<p>Dans une tribune publi\u00e9e par <a href=\"https:\/\/www.nouvelobs.com\/politique\/20250524.OBS104232\/2027-pour-une-candidature-commune-de-la-gauche-et-des-ecologistes.html\" target=\"_blank\" rel=\"noopener nofollow\">Le Nouvel Obs<\/a>, plusieurs maires de grandes villes appellent \u00e0 une candidature commune des forces de gauche et des \u00e9cologistes pour l\u2019\u00e9lection pr\u00e9sidentielle \u00e0 venir.<\/p>\n<p>Parmi les signataires figure Eric Piolle, maire \u00e9cologiste de Grenoble. Il s&rsquo;associe \u00e0 d\u2019autres \u00e9diles tels que Gr\u00e9gory Doucet (Lyon), Johanna Rolland (Nantes), Olivier Bianchi (Clermont-Ferrand) et Jeanne Barseghian (Strasbourg) pour inviter les responsables des partis de gauche et des repr\u00e9sentants de la soci\u00e9t\u00e9 civile \u00e0 se r\u00e9unir le 2 juillet prochain.<\/p>\n<p>Les maires soulignent l\u2019urgence d\u2019\u00e9laborer collectivement un projet \u00ab\u00a0pour un monde vivable et d\u00e9sirable pour toutes et tous, en particulier les plus vuln\u00e9rables\u00a0\u00bb. Ils insistent sur la n\u00e9cessit\u00e9 de proposer une vision ambitieuse pour les g\u00e9n\u00e9rations actuelles et futures, et de raviver la fiert\u00e9 d\u2019une France protectrice et tourn\u00e9e vers l\u2019avenir.<\/p>\n<p>Pour ces \u00e9lus, la victoire passe par une candidature unique, port\u00e9e par une \u00e9quipe soud\u00e9e, un programme de rupture capable d\u2019am\u00e9liorer concr\u00e8tement la vie des Fran\u00e7ais, ainsi qu\u2019une mobilisation organis\u00e9e de la soci\u00e9t\u00e9 civile et des citoyens sur l\u2019ensemble du territoire.<\/p>\n<p>\u00ab\u00a0\u00c0 deux ans du premier tour, rien n\u2019est encore jou\u00e9, mais le temps presse. Nous, maires, sommes pr\u00eats \u00e0 porter cette ambition collective. Nous nous engageons au service d\u2019un imp\u00e9ratif commun : redonner espoir aux classes populaires et moyennes, insuffler un nouvel \u00e9lan \u00e0 la France et r\u00e9concilier notre pays\u00a0\u00bb, concluent-ils dans leur appel.<\/p>\n","protected":false},"excerpt":{"rendered":"Pr\u00e9sidentielle 2027 : le maire de Grenoble Eric Piolle plaide pour une union de la gauche d\u00e8s le&hellip;\n","protected":false},"author":2,"featured_media":127850,"comment_status":"","ping_status":"","sticky":false,"template":"","format":"standard","meta":{"footnotes":""},"categories":[9566],"tags":[1111,11,7733,8279,2430,7736,650,7734,2889,2263,1777,674,1011,27,2731,8280,6417,1114,108,4662,12,3725,1825,25,7737],"class_list":{"0":"post-127849","1":"post","2":"type-post","3":"status-publish","4":"format-standard","5":"has-post-thumbnail","7":"category-grenoble","8":"tag-actu","9":"tag-actualites","10":"tag-alpes","11":"tag-alpes1","12":"tag-auvergne-rhone-alpes","13":"tag-cds","14":"tag-cinema","15":"tag-ecoute","16":"tag-emission","17":"tag-equipe","18":"tag-eu","19":"tag-europe","20":"tag-fr","21":"tag-france","22":"tag-grenoble","23":"tag-haute","24":"tag-information","25":"tag-infos","26":"tag-isere","27":"tag-journal","28":"tag-news","29":"tag-podcast","30":"tag-radio","31":"tag-republique-francaise","32":"tag-winamp"},"share_on_mastodon":{"url":"https:\/\/pubeurope.com\/@fr\/114570654115055351","error":""},"_links":{"self":[{"href":"https:\/\/www.europesays.com\/fr\/wp-json\/wp\/v2\/posts\/127849","targetHints":{"allow":["GET"]}}],"collection":[{"href":"https:\/\/www.europesays.com\/fr\/wp-json\/wp\/v2\/posts"}],"about":[{"href":"https:\/\/www.europesays.com\/fr\/wp-json\/wp\/v2\/types\/post"}],"author":[{"embeddable":true,"href":"https:\/\/www.europesays.com\/fr\/wp-json\/wp\/v2\/users\/2"}],"replies":[{"embeddable":true,"href":"https:\/\/www.europesays.com\/fr\/wp-json\/wp\/v2\/comments?post=127849"}],"version-history":[{"count":0,"href":"https:\/\/www.europesays.com\/fr\/wp-json\/wp\/v2\/posts\/127849\/revisions"}],"wp:featuredmedia":[{"embeddable":true,"href":"https:\/\/www.europesays.com\/fr\/wp-json\/wp\/v2\/media\/127850"}],"wp:attachment":[{"href":"https:\/\/www.europesays.com\/fr\/wp-json\/wp\/v2\/media?parent=127849"}],"wp:term":[{"taxonomy":"category","embeddable":true,"href":"https:\/\/www.europesays.com\/fr\/wp-json\/wp\/v2\/categories?post=127849"},{"taxonomy":"post_tag","embeddable":true,"href":"https:\/\/www.europesays.com\/fr\/wp-json\/wp\/v2\/tags?post=127849"}],"curies":[{"name":"wp","href":"https:\/\/api.w.org\/{rel}","templated":true}]}}