{"id":127851,"date":"2025-05-25T21:44:11","date_gmt":"2025-05-25T21:44:11","guid":{"rendered":"https:\/\/www.europesays.com\/fr\/127851\/"},"modified":"2025-05-25T21:44:11","modified_gmt":"2025-05-25T21:44:11","slug":"a-rennes-la-circulation-sera-perturbee-pendant-quelques-jours-dans-le-quartier","status":"publish","type":"post","link":"https:\/\/www.europesays.com\/fr\/127851\/","title":{"rendered":"\u00c0 Rennes, la circulation sera perturb\u00e9e pendant quelques jours dans le quartier"},"content":{"rendered":"<p>Cette semaine, des travaux entra\u00eenent des modifications des conditions de circulation.<\/p>\n<p>\u00c0 compter de ce lundi 26\u00a0mai, 9\u00a0h, jusqu\u2019\u00e0 mercredi 28\u00a0mai, 16\u00a0h\u00a030, dans le quartier Thabor \u2013 Saint-H\u00e9lier, la circulation sera interdite entre la rue Leconte-de-l\u2019Isle et le boulevard Ren\u00e9-La\u00ebnnec, afin de permettre \u00e0 Rennes m\u00e9tropole de r\u00e9aliser des travaux de voirie. Une d\u00e9viation sera mise en place par l\u2019avenue Jean-Janvier, la rue Saint-H\u00e9lier et le boulevard Ren\u00e9 La\u00ebnnec.<\/p>\n<p>Par ailleurs, Rennes m\u00e9tropole va r\u00e9aliser des travaux de maintenance de voirie quai Dujardin, avenue Aristide-Briand et avenue Sergent-Maginot, du lundi 26\u00a0mai au vendredi 6\u00a0juin 2025 (ces dates sont pr\u00e9visionnelles, sous r\u00e9serve de conditions m\u00e9t\u00e9orologiques favorables).<\/p>\n<p><strong>Lire aussi : <\/strong> <a href=\"https:\/\/rennes.maville.com\/actu\/actudet_-quand-et-comment-se-derouleront-les-travaux-pour-retirer-la-dalle-qui-recouvre-la-vilaine-a-rennes-_52674-6779041_actu.Htm\" rel=\"nofollow noopener\" target=\"_blank\">Quand et comment se d\u00e9rouleront les travaux pour retirer la dalle qui recouvre la Vilaine, \u00e0 Rennes<\/a><\/p>\n<p>Am\u00e9liorer la s\u00e9curit\u00e9 des cyclistes<\/p>\n<p>Cette op\u00e9ration permettra \u00e9galement de conforter les bandes cyclables existantes, avec un \u00e9largissement \u00e0 2,20 ou 2,30 m\u00e8tres. Elle comprend \u00e9galement la mise en \u0153uvre d\u2019une r\u00e9sine gravillonn\u00e9e (rev\u00eatement couleur corail) et d\u2019un marquage s\u00e9paratif visible de nuit et par temps de pluie. Une bande de d\u00e9gagement (entre 45 et 80\u00a0cm) sera cr\u00e9\u00e9e entre les bandes cyclables et les places de stationnements, pour am\u00e9liorer la s\u00e9curit\u00e9 des cyclistes. Aucun stationnement ne sera supprim\u00e9.<\/p>\n<p>D\u2019autres travaux se poursuivent \u00e9galement. Jusqu\u2019au vendredi 27\u00a0juin, la circulation est interdite dans le sens nord-sud entre l\u2019avenue Monseigneur-Mou\u00e9zy et la rue de Ch\u00e2teaugiron, afin de permettre \u00e0 Rennes m\u00e9tropole d\u2019am\u00e9nager le r\u00e9seau express v\u00e9lo entre Rennes et Chantepie. Une d\u00e9viation est mise en place par l\u2019avenue Monseigneur-Mou\u00e9zy et la rue de Ch\u00e2teaugiron.<\/p>\n<p>Jusqu\u2019au vendredi 4\u00a0juin, le tourne-\u00e0-gauche est interdit \u00e0 l\u2019intersection avec l\u2019avenue du G\u00e9n\u00e9ral-George-Smith-Patton, afin de permettre \u00e0 Rennes m\u00e9tropole d\u2019am\u00e9nager le carrefour Rochester-Patton. Une d\u00e9viation est mise en place par l\u2019avenue de Rochester, l\u2019avenue des Gayeulles, la rue de la H\u00e9roni\u00e8re et l\u2019avenue du G\u00e9n\u00e9ral-George-Smith-Patton.<\/p>\n<p>\u00a0<\/p>\n","protected":false},"excerpt":{"rendered":"Cette semaine, des travaux entra\u00eenent des modifications des conditions de circulation. \u00c0 compter de ce lundi 26\u00a0mai, 9\u00a0h,&hellip;\n","protected":false},"author":2,"featured_media":127852,"comment_status":"","ping_status":"","sticky":false,"template":"","format":"standard","meta":{"footnotes":""},"categories":[2821],"tags":[1111,11,829,3542,1777,674,1011,27,7285,12,7847,5775,3086,584,25,25145],"class_list":{"0":"post-127851","1":"post","2":"type-post","3":"status-publish","4":"format-standard","5":"has-post-thumbnail","7":"category-rennes","8":"tag-actu","9":"tag-actualites","10":"tag-bretagne","11":"tag-circulation","12":"tag-eu","13":"tag-europe","14":"tag-fr","15":"tag-france","16":"tag-jours","17":"tag-news","18":"tag-perturbee","19":"tag-quartier","20":"tag-redon","21":"tag-rennes","22":"tag-republique-francaise","23":"tag-thabor-saint-helier"},"share_on_mastodon":{"url":"https:\/\/pubeurope.com\/@fr\/114570661904098548","error":""},"_links":{"self":[{"href":"https:\/\/www.europesays.com\/fr\/wp-json\/wp\/v2\/posts\/127851","targetHints":{"allow":["GET"]}}],"collection":[{"href":"https:\/\/www.europesays.com\/fr\/wp-json\/wp\/v2\/posts"}],"about":[{"href":"https:\/\/www.europesays.com\/fr\/wp-json\/wp\/v2\/types\/post"}],"author":[{"embeddable":true,"href":"https:\/\/www.europesays.com\/fr\/wp-json\/wp\/v2\/users\/2"}],"replies":[{"embeddable":true,"href":"https:\/\/www.europesays.com\/fr\/wp-json\/wp\/v2\/comments?post=127851"}],"version-history":[{"count":0,"href":"https:\/\/www.europesays.com\/fr\/wp-json\/wp\/v2\/posts\/127851\/revisions"}],"wp:featuredmedia":[{"embeddable":true,"href":"https:\/\/www.europesays.com\/fr\/wp-json\/wp\/v2\/media\/127852"}],"wp:attachment":[{"href":"https:\/\/www.europesays.com\/fr\/wp-json\/wp\/v2\/media?parent=127851"}],"wp:term":[{"taxonomy":"category","embeddable":true,"href":"https:\/\/www.europesays.com\/fr\/wp-json\/wp\/v2\/categories?post=127851"},{"taxonomy":"post_tag","embeddable":true,"href":"https:\/\/www.europesays.com\/fr\/wp-json\/wp\/v2\/tags?post=127851"}],"curies":[{"name":"wp","href":"https:\/\/api.w.org\/{rel}","templated":true}]}}