{"id":127853,"date":"2025-05-25T21:45:11","date_gmt":"2025-05-25T21:45:11","guid":{"rendered":"https:\/\/www.europesays.com\/fr\/127853\/"},"modified":"2025-05-25T21:45:11","modified_gmt":"2025-05-25T21:45:11","slug":"strasbourg-40000-amateurs-de-graff-de-glisse-et-de-basket-au-nl-contest","status":"publish","type":"post","link":"https:\/\/www.europesays.com\/fr\/127853\/","title":{"rendered":"Strasbourg. 40000 amateurs de graff, de glisse et de basket au NL Contest"},"content":{"rendered":"<p>Malgr\u00e9 la nuit pluvieuse, une petite file s\u2019est form\u00e9e d\u00e8s l\u2019ouverture de la troisi\u00e8me journ\u00e9e du NL Contest, ce dimanche matin. Mais de nombreux visiteurs n\u2019en \u00e9taient pas \u00e0 leur premier essai. \u00ab \u00a0Ma fille de 11 ans est venue vendredi avec sa classe, nous \u00e9tions l\u00e0 hier et, comme le soleil est revenu, nous voil\u00e0 de retour\u00a0\u00bb, sourit Amina. Son enfant fait partie des 500 \u00e9l\u00e8ves de l\u2019Eurom\u00e9tropole qui ont \u00e9t\u00e9 invit\u00e9s par le festival \u00e0 d\u00e9couvrir l\u2019\u00e9v\u00e9nement sur leur temps scolaire, dans un souci de transmission et de partage avec les plus jeunes.<\/p>\n<p>  200 athl\u00e8tes au rendez-vous<\/p>\n<p>Au programme de cette derni\u00e8re journ\u00e9e, la tr\u00e8s belle finale de roller femme, remport\u00e9e par la Br\u00e9silienne de 15 ans Ana Julia Da Silva, a \u00e9t\u00e9 suivie de celles de VTT, BMX, skate et parkour. En int\u00e9rieur, une intense comp\u00e9tition de basket en trois contre trois a remplac\u00e9 la battle de danse de la veille.<\/p>\n<p>Depuis le parc, des \u00ab\u00a0ohhhh\u00a0\u00bb et autres onomatop\u00e9es impressionn\u00e9es ont accompagn\u00e9 les performances des riders locaux et internationaux. Sur les trois jours, pr\u00e8s de 200 athl\u00e8tes ont encha\u00een\u00e9 les figures les plus spectaculaires, en essuyant quelques chutes effrayantes mais sans bobos trop graves. \u00ab\u00a0Je viens depuis dix ans et je suis toujours aussi s\u00e9duit par l\u2019ambiance festive et le niveau incroyable des sportifs qui se donnent r\u00e9ellement \u00e0 fond\u00a0\u00bb, salue Fabrice, fid\u00e8le visiteur.<\/p>\n<p>L\u2019\u00e9v\u00e9nement s\u2019est achev\u00e9 dans une ambiance \u00e9lectrique, avec un bel hommage \u00ab\u00a0aux plus de 200 b\u00e9n\u00e9voles sans lesquels le NL n\u2019existerait pas\u00a0\u00bb. \u00ab\u00a0Nous avons v\u00e9cu un tr\u00e8s beau show, avec un public de plus en plus cosmopolite. Des familles enti\u00e8res sont venues, des enfants aux grands-parents\u00a0\u00bb, se r\u00e9jouit Annabelle Bendel, pr\u00e9sidente du NL Contest. Elle promet d\u2019ores et d\u00e9j\u00e0 une \u00e9dition exceptionnelle pour l\u2019ann\u00e9e prochaine, \u00e0 l\u2019occasion des 20 ans du festival.<\/p>\n","protected":false},"excerpt":{"rendered":"Malgr\u00e9 la nuit pluvieuse, une petite file s\u2019est form\u00e9e d\u00e8s l\u2019ouverture de la troisi\u00e8me journ\u00e9e du NL Contest,&hellip;\n","protected":false},"author":2,"featured_media":127623,"comment_status":"","ping_status":"","sticky":false,"template":"","format":"standard","meta":{"footnotes":""},"categories":[2820],"tags":[1111,11,2389,1687,1777,674,3326,107,1011,27,5325,2798,775,12,25,3140,640],"class_list":{"0":"post-127853","1":"post","2":"type-post","3":"status-publish","4":"format-standard","5":"has-post-thumbnail","7":"category-strasbourg","8":"tag-actu","9":"tag-actualites","10":"tag-alsace","11":"tag-culture-loisirs","12":"tag-eu","13":"tag-europe","14":"tag-fete-locale","15":"tag-fil-info","16":"tag-fr","17":"tag-france","18":"tag-galerie-media","19":"tag-galerie-photo","20":"tag-grand-est","21":"tag-news","22":"tag-republique-francaise","23":"tag-spectacle","24":"tag-strasbourg"},"share_on_mastodon":{"url":"https:\/\/pubeurope.com\/@fr\/114570665851958550","error":""},"_links":{"self":[{"href":"https:\/\/www.europesays.com\/fr\/wp-json\/wp\/v2\/posts\/127853","targetHints":{"allow":["GET"]}}],"collection":[{"href":"https:\/\/www.europesays.com\/fr\/wp-json\/wp\/v2\/posts"}],"about":[{"href":"https:\/\/www.europesays.com\/fr\/wp-json\/wp\/v2\/types\/post"}],"author":[{"embeddable":true,"href":"https:\/\/www.europesays.com\/fr\/wp-json\/wp\/v2\/users\/2"}],"replies":[{"embeddable":true,"href":"https:\/\/www.europesays.com\/fr\/wp-json\/wp\/v2\/comments?post=127853"}],"version-history":[{"count":0,"href":"https:\/\/www.europesays.com\/fr\/wp-json\/wp\/v2\/posts\/127853\/revisions"}],"wp:featuredmedia":[{"embeddable":true,"href":"https:\/\/www.europesays.com\/fr\/wp-json\/wp\/v2\/media\/127623"}],"wp:attachment":[{"href":"https:\/\/www.europesays.com\/fr\/wp-json\/wp\/v2\/media?parent=127853"}],"wp:term":[{"taxonomy":"category","embeddable":true,"href":"https:\/\/www.europesays.com\/fr\/wp-json\/wp\/v2\/categories?post=127853"},{"taxonomy":"post_tag","embeddable":true,"href":"https:\/\/www.europesays.com\/fr\/wp-json\/wp\/v2\/tags?post=127853"}],"curies":[{"name":"wp","href":"https:\/\/api.w.org\/{rel}","templated":true}]}}