{"id":127854,"date":"2025-05-25T21:46:10","date_gmt":"2025-05-25T21:46:10","guid":{"rendered":"https:\/\/www.europesays.com\/fr\/127854\/"},"modified":"2025-05-25T21:46:10","modified_gmt":"2025-05-25T21:46:10","slug":"le-tc-strasbourg-ii-se-maintient-sur-le-fil","status":"publish","type":"post","link":"https:\/\/www.europesays.com\/fr\/127854\/","title":{"rendered":"le TC Strasbourg II se maintient sur le fil"},"content":{"rendered":"<p>Les installations du TC Strasbourg \u00e9tant en plein d\u00e9montage des Internationaux de Strasbourg au Wacken, c\u2019est sur les courts de la Ligue du Grand Est, \u00e0 Hautepierre, que les joueurs du TCS II ont arrach\u00e9 une victoire synonyme de maintien ce dimanche, privant ainsi Grandvillars de la mont\u00e9e.<\/p>\n<p>S\u2019ils ont r\u00e9ussi cette prouesse, c\u2019est surtout gr\u00e2ce au renfort de Mikail Alimli (-4\/6), licenci\u00e9 au TCS mais qui s\u2019entra\u00eene \u00e0 la All In Academy \u00e0 Lyon. \u00ab\u00a0Heureusement qu\u2019il \u00e9tait l\u00e0, il nous a vraiment fait du bien\u00a0\u00bb, confie Jordan Ruivo, le&#8230;<\/p>\n","protected":false},"excerpt":{"rendered":"Les installations du TC Strasbourg \u00e9tant en plein d\u00e9montage des Internationaux de Strasbourg au Wacken, c\u2019est sur les&hellip;\n","protected":false},"author":2,"featured_media":127855,"comment_status":"","ping_status":"","sticky":false,"template":"","format":"standard","meta":{"footnotes":""},"categories":[2820],"tags":[1111,11,2649,2880,1777,674,1011,27,775,3088,12,25,517,640,3089,1467],"class_list":{"0":"post-127854","1":"post","2":"type-post","3":"status-publish","4":"format-standard","5":"has-post-thumbnail","7":"category-strasbourg","8":"tag-actu","9":"tag-actualites","10":"tag-bas-rhin","11":"tag-edition-strasbourg","12":"tag-eu","13":"tag-europe","14":"tag-fr","15":"tag-france","16":"tag-grand-est","17":"tag-illkirch-graffenstaden","18":"tag-news","19":"tag-republique-francaise","20":"tag-sport","21":"tag-strasbourg","22":"tag-strasbourg-sud","23":"tag-tennis"},"share_on_mastodon":{"url":"https:\/\/pubeurope.com\/@fr\/114570669767564521","error":""},"_links":{"self":[{"href":"https:\/\/www.europesays.com\/fr\/wp-json\/wp\/v2\/posts\/127854","targetHints":{"allow":["GET"]}}],"collection":[{"href":"https:\/\/www.europesays.com\/fr\/wp-json\/wp\/v2\/posts"}],"about":[{"href":"https:\/\/www.europesays.com\/fr\/wp-json\/wp\/v2\/types\/post"}],"author":[{"embeddable":true,"href":"https:\/\/www.europesays.com\/fr\/wp-json\/wp\/v2\/users\/2"}],"replies":[{"embeddable":true,"href":"https:\/\/www.europesays.com\/fr\/wp-json\/wp\/v2\/comments?post=127854"}],"version-history":[{"count":0,"href":"https:\/\/www.europesays.com\/fr\/wp-json\/wp\/v2\/posts\/127854\/revisions"}],"wp:featuredmedia":[{"embeddable":true,"href":"https:\/\/www.europesays.com\/fr\/wp-json\/wp\/v2\/media\/127855"}],"wp:attachment":[{"href":"https:\/\/www.europesays.com\/fr\/wp-json\/wp\/v2\/media?parent=127854"}],"wp:term":[{"taxonomy":"category","embeddable":true,"href":"https:\/\/www.europesays.com\/fr\/wp-json\/wp\/v2\/categories?post=127854"},{"taxonomy":"post_tag","embeddable":true,"href":"https:\/\/www.europesays.com\/fr\/wp-json\/wp\/v2\/tags?post=127854"}],"curies":[{"name":"wp","href":"https:\/\/api.w.org\/{rel}","templated":true}]}}