{"id":12787,"date":"2025-04-09T14:02:09","date_gmt":"2025-04-09T14:02:09","guid":{"rendered":"https:\/\/www.europesays.com\/fr\/12787\/"},"modified":"2025-04-09T14:02:09","modified_gmt":"2025-04-09T14:02:09","slug":"nice-interdits-de-cuisiner-ce-plat-a-cause-des-odeurs-ils-trouvent-enfin-la-solution","status":"publish","type":"post","link":"https:\/\/www.europesays.com\/fr\/12787\/","title":{"rendered":"Nice. Interdits de cuisiner ce plat \u00e0 cause des odeurs, ils trouvent enfin la solution"},"content":{"rendered":"<p>            Par<br \/>\n        <strong><br \/>\n            <a href=\"https:\/\/actu.fr\/auteur\/manon-reinhardt\" title=\"Consulter tous les articles de Manon Reinhardt\" rel=\"nofollow noopener\" target=\"_blank\">Manon Reinhardt<\/a><br \/>\n        <\/strong><\/p>\n<p>        Publi\u00e9 le<\/p>\n<p>            8 avr. 2025 \u00e0 16h54        <\/p>\n<p>En mai\u00a02024, l\u2019affaire avait fait le tour des m\u00e9dias locaux. Un traiteur, install\u00e9 dans le quartier Lib\u00e9ration \u00e0 <a href=\"https:\/\/actu.fr\/provence-alpes-cote-d-azur\/nice_06088\" rel=\"nofollow noopener\" target=\"_blank\">Nice<\/a> (<a href=\"https:\/\/actu.fr\/provence-alpes-cote-d-azur\/alpes-maritimes_06\" rel=\"nofollow noopener\" target=\"_blank\">Alpes-Maritimes<\/a>), avait \u00e9t\u00e9 oblig\u00e9 de stopper la fabrication de sa fameuse pissaladi\u00e8re, \u00e0 base d\u2019oignons, <strong>\u00e0 cause des plaintes de voisins<\/strong>.<\/p>\n<p class=\" wall-content\">La copropri\u00e9t\u00e9 l\u2019avait somm\u00e9 de cesser la cuisine de divers plats dont les odeurs \u00e9taient trop g\u00eanantes. Un an plus tard, les nouveaux repreneurs ont trouv\u00e9 la solution et proposent de nouveau la sp\u00e9cialit\u00e9 ni\u00e7oise.<\/p>\n<p>Le retour de la pissaladi\u00e8re<\/p>\n<p class=\" wall-content\"><a href=\"https:\/\/actu.fr\/provence-alpes-cote-d-azur\/nice_06088\/nice-a-cause-des-odeurs-d-oignons-claude-ne-doit-plus-vendre-sa-pissaladiere_61129710.html\" rel=\"nofollow noopener\" target=\"_blank\">Dans notre article du 29\u00a0mai 2024<\/a>, nous vous expliquions que Claude Smaniotto, traiteur install\u00e9 non loin de la place Lib\u00e9ration, ne pouvait plus cuisiner de pissaladi\u00e8re dans son commerce \u00ab\u2009Nulle p\u00e2te ailleurs\u2009\u00bb.<\/p>\n<p class=\" wall-content\">En cause,<strong> les odeurs d\u2019oignons<\/strong> qui incommodaient les voisins quotidiennement. La copropri\u00e9t\u00e9 lui avait demand\u00e9 de cesser de fabriquer ce plat ni\u00e7ois tant appr\u00e9ci\u00e9.<\/p>\n<p>    <a href=\"https:\/\/www.google.com\/maps\/embed?pb=!1m18!1m12!1m3!1d2884.0731267007513!2d7.260392876533021!3d43.70902934881764!2m3!1f0!2f0!3f0!3m2!1i1024!2i768!4f13.1!3m3!1m2!1s0x12cdd000d9aacaa1%3A0x507bb40087ffe2d4!2sNulle%20P%C3%A2te%20Ailleurs!5e0!3m2!1sfr!2sfr!4v1744120808966!5m2!1sfr!2sfr\" title=\"Ouvrie le lien\" rel=\"nofollow noopener\" target=\"_blank\">Cliquez ici pour visualiser le contenu<\/a><\/p>\n<p>Vid\u00e9os : en ce moment sur Actu<\/p>\n<p class=\" wall-content\">Depuis, il n\u2019\u00e9tait plus propos\u00e9 \u00e0 la vente. Mais le commer\u00e7ant a finalement pris sa retraite, comme il l\u2019avait indiqu\u00e9 \u00e0 actu Nice. Les repreneurs ont pris possession des lieux il y a tout juste un mois et demi. Et la pissaladi\u00e8re est de retour\u2009! Mais cette fois, sans emb\u00eater les r\u00e9sidents de l\u2019immeuble.<\/p>\n<p class=\" wall-content\">\u00ab\u2009On a repris le local mais la diff\u00e9rence c\u2019est que nous avons <strong>un laboratoire de fabrication<\/strong> qui n\u2019est pas tr\u00e8s loin d\u2019ici. Nous avons une extraction d\u2019air l\u00e0-bas, ce qui permet de fabriquer ce qu\u2019on veut\u2009\u00bb, explique Yann Maunier, l\u2019un des associ\u00e9s.<\/p>\n<p class=\" wall-content\"><a href=\"https:\/\/www.instagram.com\/p\/DHbH9Q8oZtH\/embed\" title=\"Ouvrir le lien sur Instagram\" rel=\"nofollow noopener\" target=\"_blank\">Visualiser le contenu sur Instagram<\/a><\/p>\n<p>Traiteur modernis\u00e9 mais \u00e2me conserv\u00e9e<\/p>\n<p class=\" wall-content\">Il avoue lui-m\u00eame comprendre les copropri\u00e9taires qui se sont plaints. \u00ab\u2009Dans les commentaires, des gens disaient qu\u2019on n\u2019\u00e9tait plus \u00e0 Nice et qu\u2019il n\u2019y avait plus que des Parisiens, mais l\u2019odeur de pissaladi\u00e8re \u00e0 7\u2009h tous les matins, un ou deux jours d\u2019accord mais au bout de plusieurs ann\u00e9es\u2026\u2009\u00bb<\/p>\n<p class=\" wall-content\">Avec son fr\u00e8re Quentin, et sa compagne, Candice, ils ont ainsi pu remettre \u00e0 la vente la star de la gastronomie ni\u00e7oise, pour le plus grand plaisir de nos papilles. Mais pas que. Les entrepreneurs ont modernis\u00e9 le magasin. Devanture refaite, <strong>nouvelle formule<\/strong>, ils ont d\u00e9poussi\u00e9r\u00e9 \u00ab\u2009Nulle p\u00e2te ailleurs\u2009\u00bb tout en conservant son \u00ab\u2009identit\u00e9\u2009\u00bb et son nom.<\/p>\n<p>      <img   decoding=\"async\" loading=\"lazy\" src=\"https:\/\/www.europesays.com\/fr\/wp-content\/uploads\/2025\/04\/nulle-pate-ailleurs-nice-3-960x640.jpeg\" alt=\"\" width=\"960\" height=\"640\"\/><br \/>\n    \u00ab\u2009Nulle p\u00e2te ailleurs\u2009\u00bb, traiteur connu du quartier Lib\u00e9ration, a fait peau neuve. (\u00a9Manon Reinhardt \/ actu Nice)<\/p>\n<p class=\" wall-content\">\u00ab\u2009On a continu\u00e9 ce qu\u2019il y avait avant avec une version un peu plus jeune.\u2009\u00bb Des plats cuisin\u00e9s faits maison sont disponibles en vitrine\u2009: daube ni\u00e7oise, lasagnes, cannellonis, aubergines Parmiggiana\u2026 Il y en a pour tous les go\u00fbts. \u00ab\u2009Nous avons des recettes qu\u2019il n\u2019y avait pas avant.\u2009\u00bb<\/p>\n<p>L\u2019ancienne \u00e9quipe toujours l\u00e0\u2009!<\/p>\n<p class=\" wall-content\">On retrouve de la charcuterie, une large gamme de fromages et de p\u00e2tes, des produits locaux, du vin\u2026 Et pour se renouveler, <strong>des \u00ab\u2009pasta box\u2009\u00bb<\/strong> sont propos\u00e9s pour le d\u00e9jeuner du midi \u00e0 8,90\u00a0euros. Les sauces, comme la farce des raviolis, peuvent varier selon les saisons.<\/p>\n<p>      <img   decoding=\"async\" loading=\"lazy\" src=\"https:\/\/www.europesays.com\/fr\/wp-content\/uploads\/2025\/04\/nulle-pate-ailleurs-nice-4-960x640.jpeg\" alt=\"Outre la c\u00e9l\u00e8bre pissaladi\u00e8re, ce traiteur propose divers produits locaux.\" width=\"960\" height=\"640\"\/><br \/>\n    Outre la c\u00e9l\u00e8bre pissaladi\u00e8re, ce traiteur propose divers produits locaux. (\u00a9Manon Reinhardt \/ actu Nice)<\/p>\n<p class=\" wall-content\">Et pour ne pas trop s\u2019\u00e9loigner du concept d\u00e9velopp\u00e9 par Claude, les repreneurs ont gard\u00e9 son \u00e9quipe. \u00ab\u2009Ils sont rest\u00e9s avec nous et ont continu\u00e9 l\u2019aventure\u2009\u00bb, se r\u00e9jouit Yann.<\/p>\n<p class=\" wall-content\">Une aventure qui s\u2019annonce belle. Le samedi matin, le traiteur est pris d\u2019assaut. Comme les jours en semaine. Il b\u00e9n\u00e9ficie notamment du tr\u00e8s r\u00e9put\u00e9 march\u00e9 de la Lib\u00e9ration, qui attire du monde tous les matins.<\/p>\n<p class=\" wall-content\">Suivez toute l\u2019actualit\u00e9 de vos villes et m\u00e9dias favoris en vous inscrivant \u00e0 <a href=\"https:\/\/moncompte.actu.fr\" title=\"D\u00e9couvez Mon Actu\" rel=\"nofollow noopener\" data-trk=\"{&quot;cta&quot;:{&quot;action&quot;:&quot;https:\\\/\\\/moncompte.actu.fr&quot;,&quot;category&quot;:&quot;mon compte&quot;,&quot;from&quot;:&quot;article footer&quot;,&quot;name&quot;:&quot;Mon actu&quot;,&quot;type&quot;:&quot;cta&quot;}}\" target=\"_blank\">Mon Actu<\/a>.<\/p>\n<p>                    <script async src=\"\/\/www.instagram.com\/embed.js\"><\/script><\/p>\n","protected":false},"excerpt":{"rendered":"Par Manon Reinhardt Publi\u00e9 le 8 avr. 2025 \u00e0 16h54 En mai\u00a02024, l\u2019affaire avait fait le tour des&hellip;\n","protected":false},"author":2,"featured_media":12788,"comment_status":"","ping_status":"","sticky":false,"template":"","format":"standard","meta":{"footnotes":""},"categories":[2819],"tags":[1111,11,258,215,1777,674,1011,27,12,2401,882,25,104],"class_list":{"0":"post-12787","1":"post","2":"type-post","3":"status-publish","4":"format-standard","5":"has-post-thumbnail","7":"category-nice","8":"tag-actu","9":"tag-actualites","10":"tag-alimentation","11":"tag-commerce","12":"tag-eu","13":"tag-europe","14":"tag-fr","15":"tag-france","16":"tag-news","17":"tag-nice","18":"tag-provence-alpes-cote-dazur","19":"tag-republique-francaise","20":"tag-societe"},"share_on_mastodon":{"url":"https:\/\/pubeurope.com\/@fr\/114308379090487360","error":""},"_links":{"self":[{"href":"https:\/\/www.europesays.com\/fr\/wp-json\/wp\/v2\/posts\/12787","targetHints":{"allow":["GET"]}}],"collection":[{"href":"https:\/\/www.europesays.com\/fr\/wp-json\/wp\/v2\/posts"}],"about":[{"href":"https:\/\/www.europesays.com\/fr\/wp-json\/wp\/v2\/types\/post"}],"author":[{"embeddable":true,"href":"https:\/\/www.europesays.com\/fr\/wp-json\/wp\/v2\/users\/2"}],"replies":[{"embeddable":true,"href":"https:\/\/www.europesays.com\/fr\/wp-json\/wp\/v2\/comments?post=12787"}],"version-history":[{"count":0,"href":"https:\/\/www.europesays.com\/fr\/wp-json\/wp\/v2\/posts\/12787\/revisions"}],"wp:featuredmedia":[{"embeddable":true,"href":"https:\/\/www.europesays.com\/fr\/wp-json\/wp\/v2\/media\/12788"}],"wp:attachment":[{"href":"https:\/\/www.europesays.com\/fr\/wp-json\/wp\/v2\/media?parent=12787"}],"wp:term":[{"taxonomy":"category","embeddable":true,"href":"https:\/\/www.europesays.com\/fr\/wp-json\/wp\/v2\/categories?post=12787"},{"taxonomy":"post_tag","embeddable":true,"href":"https:\/\/www.europesays.com\/fr\/wp-json\/wp\/v2\/tags?post=12787"}],"curies":[{"name":"wp","href":"https:\/\/api.w.org\/{rel}","templated":true}]}}