{"id":127876,"date":"2025-05-25T21:59:11","date_gmt":"2025-05-25T21:59:11","guid":{"rendered":"https:\/\/www.europesays.com\/fr\/127876\/"},"modified":"2025-05-25T21:59:11","modified_gmt":"2025-05-25T21:59:11","slug":"laetitia-jossier-elue-presidente-de-la-chambre-interdepartementale-des-notaires","status":"publish","type":"post","link":"https:\/\/www.europesays.com\/fr\/127876\/","title":{"rendered":"Laetitia Jossier \u00e9lue pr\u00e9sidente de la Chambre interd\u00e9partementale des notaires"},"content":{"rendered":"<p><img width=\"487\" height=\"299\" src=\"https:\/\/www.europesays.com\/fr\/wp-content\/uploads\/2025\/05\/Laetitia-Jossier-.jpg\" class=\"attachment-post-thumbnail size-post-thumbnail wp-post-image\" alt=\"\" decoding=\"async\" fetchpriority=\"high\" \/><\/p>\n<p>Laetitia Jossier (Chambre interd\u00e9partementale des notaires de la Cour d\u2019appel de Lyon)<\/p>\n<p><strong>La notaire a \u00e9t\u00e9 \u00e9lue pr\u00e9sidente de la Chambre interd\u00e9partementale des notaires de la Cour d\u2019appel de Lyon, \u00e0 l\u2019occasion de l\u2019assembl\u00e9e g\u00e9n\u00e9rale des notaires.<\/strong><\/p>\n<p>Les notaires de la Cour d\u2019appel de Lyon se sont r\u00e9unis le 20 mai \u00e0 l\u2019Auditorium de Lyon \u00e0 l\u2019occasion d\u2019une nouvelle assembl\u00e9e g\u00e9n\u00e9rale. Apr\u00e8s l\u2019intervention du pr\u00e9sident du Conseil sup\u00e9rieur du notariat, Me Bertrand Savour\u00e9, 21 nouveaux confr\u00e8res ayant pr\u00eat\u00e9 serment ont \u00e9t\u00e9 accueillis, portant \u00e0 921 le nombre de notaires au sein de la compagnie. Parmi les temps forts de l\u2019assembl\u00e9e, on notera l\u2019adoption du projet d\u2019extension de La Fondation des notaires engag\u00e9s du Rh\u00f4ne \u00e0 l\u2019ensemble des notaires de la compagnie, mais aussi la validation du projet de fusion des sites du Rh\u00f4ne. L\u2019adresse historique du 58 boulevard des Belges accueillera d\u00e9sormais l\u2019avenir de la Chambre. <\/p>\n<p><img decoding=\"async\" src=\"https:\/\/www.europesays.com\/fr\/wp-content\/uploads\/2025\/04\/abonnezvouslarge.jpg\" alt=\"\" \/><\/p>\n<p>Pour lire la totalit\u00e9 de l&rsquo;article,<strong> <a href=\"http:\/\/www.lyonpoleimmo.com\/membership-options-page\/\" target=\"_blank\" rel=\"noopener\">abonnez-vous<\/a> <\/strong>ou <a href=\"http:\/\/www.lyonpoleimmo.com\/senregistrer\/\" target=\"_blank\" rel=\"noopener\"><strong>identifiez-vous<\/strong><\/a>  <\/p>\n<p><strong>Si vous avez appr\u00e9ci\u00e9 cet article, s&rsquo;il vous plait, prenez le temps de <a href=\"#comments\">laisser un commentaire<\/a> ou de <a href=\"http:\/\/www.lyonpoleimmo.com\/feed\/\" target=\"_blank\" rel=\"noopener\">souscrire au flux<\/a> afin de recevoir les futurs articles directement dans votre lecteur de flux.<br \/>\n    <\/strong><\/p>\n<p>\t<a href=\"http:\/\/www.lyonpoleimmo.com\/2025\/05\/25\/90986\/laetitia-jossier-elue-presidente-de-la-chambre-interdepartementale-des-notaires\/\" rel=\"bookmark noopener\" title=\"Lien Permanent vers Laetitia Jossier \u00e9lue pr\u00e9sidente de la Chambre interd\u00e9partementale des notaires\" target=\"_blank\">Laetitia Jossier \u00e9lue pr\u00e9sidente de la Chambre interd\u00e9partementale des notaires<\/a><\/p>\n<p>\t<a href=\"http:\/\/www.lyonpoleimmo.com\/2025\/05\/25\/90986\/laetitia-jossier-elue-presidente-de-la-chambre-interdepartementale-des-notaires\/\" rel=\"bookmark noopener\" title=\"Lien Permanent vers Laetitia Jossier \u00e9lue pr\u00e9sidente de la Chambre interd\u00e9partementale des notaires\" target=\"_blank\"><\/p>\n<p><img decoding=\"async\" src=\"https:\/\/www.europesays.com\/fr\/wp-content\/uploads\/2025\/05\/Laetitia-Jossier-.jpg\" \/><br \/>La notaire a \u00e9t\u00e9 \u00e9lue pr\u00e9sidente de la Chambre interd\u00e9partementale des notaires de la Cour d\u2019appel de Lyon, \u00e0 l\u2019occasion de l\u2019assembl\u00e9e g\u00e9n\u00e9rale des notaires.<\/p>\n<p><\/a><\/p>\n<p>\t<a href=\"http:\/\/www.lyonpoleimmo.com\/2025\/05\/20\/90928\/statut-du-bailleur-prive-le-ministere-a-fait-un-point-detape\/\" rel=\"bookmark noopener\" title=\"Lien Permanent vers Statut du bailleur priv\u00e9 : le minist\u00e8re a fait un point d\u2019\u00e9tape\" target=\"_blank\">Statut du bailleur priv\u00e9 : le minist\u00e8re a fait un point d\u2019\u00e9tape<\/a><\/p>\n<p>\t<a href=\"http:\/\/www.lyonpoleimmo.com\/2025\/05\/20\/90928\/statut-du-bailleur-prive-le-ministere-a-fait-un-point-detape\/\" rel=\"bookmark noopener\" title=\"Lien Permanent vers Statut du bailleur priv\u00e9 : le minist\u00e8re a fait un point d\u2019\u00e9tape\" target=\"_blank\"><\/p>\n<p>Le minist\u00e8re charg\u00e9 du logement travaille sur ce dispositif, qui vise \u00e0 \u00abrelancer l\u2019investissement locatif pour produire plus de logement\u00bb.<\/p>\n<p><\/a><\/p>\n<p>\t<a href=\"http:\/\/www.lyonpoleimmo.com\/2025\/04\/07\/90320\/conseil-regional-de-lordre-des-geometres-experts-jean-perrillat-reelu-2\/\" rel=\"bookmark noopener\" title=\"Lien Permanent vers Conseil r\u00e9gional de l\u2019Ordre des g\u00e9om\u00e8tres-experts : Jean Perrillat r\u00e9\u00e9lu\" target=\"_blank\">Conseil r\u00e9gional de l\u2019Ordre des g\u00e9om\u00e8tres-experts : Jean Perrillat r\u00e9\u00e9lu<\/a><\/p>\n<p>\t<a href=\"http:\/\/www.lyonpoleimmo.com\/2025\/04\/07\/90320\/conseil-regional-de-lordre-des-geometres-experts-jean-perrillat-reelu-2\/\" rel=\"bookmark noopener\" title=\"Lien Permanent vers Conseil r\u00e9gional de l\u2019Ordre des g\u00e9om\u00e8tres-experts : Jean Perrillat r\u00e9\u00e9lu\" target=\"_blank\"><\/p>\n<p>Jean Perrillat a \u00e9t\u00e9 r\u00e9\u00e9lu pr\u00e9sident du Conseil r\u00e9gional de l\u2019Ordre des g\u00e9om\u00e8tres-experts de Lyon<\/p>\n<p><\/a><\/p>\n<p>\t<a href=\"http:\/\/www.lyonpoleimmo.com\/2024\/12\/11\/88547\/retrait-gonflement-des-argiles-publication-dun-decret\/\" rel=\"bookmark noopener\" title=\"Lien Permanent vers Retrait-gonflement des argiles : publication d\u2019un d\u00e9cret\" target=\"_blank\">Retrait-gonflement des argiles : publication d\u2019un d\u00e9cret<\/a><\/p>\n<p>\t<a href=\"http:\/\/www.lyonpoleimmo.com\/2024\/12\/11\/88547\/retrait-gonflement-des-argiles-publication-dun-decret\/\" rel=\"bookmark noopener\" title=\"Lien Permanent vers Retrait-gonflement des argiles : publication d\u2019un d\u00e9cret\" target=\"_blank\"><\/p>\n<p>Le d\u00e9cret encadrant la r\u00e9alisation des expertises a \u00e9t\u00e9 publi\u00e9.<\/p>\n<p><\/a><\/p>\n<p>\t<a href=\"http:\/\/www.lyonpoleimmo.com\/2024\/12\/04\/88426\/les-commissaires-de-justice-communiquent-sur-les-taxes-sur-les-locaux-vacants\/\" rel=\"bookmark noopener\" title=\"Lien Permanent vers Les commissaires de justice communiquent sur les taxes sur les locaux vacants\" target=\"_blank\">Les commissaires de justice communiquent sur les taxes sur les locaux vacants<\/a><\/p>\n<p>\t<a href=\"http:\/\/www.lyonpoleimmo.com\/2024\/12\/04\/88426\/les-commissaires-de-justice-communiquent-sur-les-taxes-sur-les-locaux-vacants\/\" rel=\"bookmark noopener\" title=\"Lien Permanent vers Les commissaires de justice communiquent sur les taxes sur les locaux vacants\" target=\"_blank\"><\/p>\n<p>La Chambre nationale des commissaires de justice a communiqu\u00e9 sur la s\u00e9curisation des relations contractuelles sur les chantiers, mais aussi sur les preuves de la vacance ou de l\u2019occupation des locaux.<\/p>\n<p><\/a><\/p>\n<p>\t<a href=\"http:\/\/www.lyonpoleimmo.com\/2024\/10\/21\/87733\/lordre-des-geometres-experts-interpelle-le-gouvernement\/\" rel=\"bookmark noopener\" title=\"Lien Permanent vers L\u2019Ordre des g\u00e9om\u00e8tres-experts interpelle le gouvernement\" target=\"_blank\">L\u2019Ordre des g\u00e9om\u00e8tres-experts interpelle le gouvernement<\/a><\/p>\n<p>\t<a href=\"http:\/\/www.lyonpoleimmo.com\/2024\/10\/21\/87733\/lordre-des-geometres-experts-interpelle-le-gouvernement\/\" rel=\"bookmark noopener\" title=\"Lien Permanent vers L\u2019Ordre des g\u00e9om\u00e8tres-experts interpelle le gouvernement\" target=\"_blank\"><\/p>\n<p>Sur la r\u00e9forme de la publicit\u00e9 fonci\u00e8re, l\u2019Ordre des g\u00e9om\u00e8tres-experts a indiqu\u00e9 inviter le gouvernement \u00e0 revoir sa copie.<\/p>\n<p><\/a><\/p>\n<p>\t<a href=\"http:\/\/www.lyonpoleimmo.com\/2024\/03\/14\/84545\/lalliance-pour-le-logement-en-auvergne-rhone-alpes-est-creee\/\" rel=\"bookmark noopener\" title=\"Lien Permanent vers L\u2019Alliance pour le Logement en Auvergne-Rh\u00f4ne-Alpes est cr\u00e9\u00e9e\" target=\"_blank\">L\u2019Alliance pour le Logement en Auvergne-Rh\u00f4ne-Alpes est cr\u00e9\u00e9e<\/a><\/p>\n<p>\t<a href=\"http:\/\/www.lyonpoleimmo.com\/2024\/03\/14\/84545\/lalliance-pour-le-logement-en-auvergne-rhone-alpes-est-creee\/\" rel=\"bookmark noopener\" title=\"Lien Permanent vers L\u2019Alliance pour le Logement en Auvergne-Rh\u00f4ne-Alpes est cr\u00e9\u00e9e\" target=\"_blank\"><\/p>\n<p><img decoding=\"async\" src=\"https:\/\/www.europesays.com\/fr\/wp-content\/uploads\/2025\/05\/alliancepourlelogement-1.jpg\" alt=\"null\" \/>Ce collectif d\u2019organisations vise \u00e0 identifier des solutions applicables dans les territoires pour r\u00e9soudre les difficult\u00e9s d\u2019acc\u00e8s au logement.<\/p>\n<p><\/a><\/p>\n<p>\t<a href=\"http:\/\/www.lyonpoleimmo.com\/2023\/12\/11\/82826\/les-notaires-organisent-les-4-jours-du-logement\/\" rel=\"bookmark noopener\" title=\"Lien Permanent vers Les notaires organisent \u00ab les 4 Jours du Logement \u00bb\" target=\"_blank\">Les notaires organisent \u00ab les 4 Jours du Logement \u00bb<\/a><\/p>\n<p>\t<a href=\"http:\/\/www.lyonpoleimmo.com\/2023\/12\/11\/82826\/les-notaires-organisent-les-4-jours-du-logement\/\" rel=\"bookmark noopener\" title=\"Lien Permanent vers Les notaires organisent \u00ab les 4 Jours du Logement \u00bb\" target=\"_blank\"><\/p>\n<p>Dans le cadre de l\u2019op\u00e9ration nationale \u00ab\u00a0Les 4 Jours du Logement\u00a0\u00bb pilot\u00e9e par le Conseil sup\u00e9rieur du Notariat du 11 au 14 d\u00e9cembre, la Chambre interd\u00e9partementale annonce ainsi la tenue de trois conf\u00e9rences \u00e0 Lyon, Bourg-en-Bresse et Saint-Etienne<\/p>\n<p><\/a><\/p>\n<p>\t<a href=\"http:\/\/www.lyonpoleimmo.com\/2023\/05\/27\/79487\/conseil-regional-de-lordre-des-geometres-experts-jean-perrillat-reelu\/\" rel=\"bookmark noopener\" title=\"Lien Permanent vers Conseil r\u00e9gional de l\u2019ordre des g\u00e9om\u00e8tres-experts : Jean Perrillat r\u00e9\u00e9lu\" target=\"_blank\">Conseil r\u00e9gional de l\u2019ordre des g\u00e9om\u00e8tres-experts : Jean Perrillat r\u00e9\u00e9lu<\/a><\/p>\n<p>\t<a href=\"http:\/\/www.lyonpoleimmo.com\/2023\/05\/27\/79487\/conseil-regional-de-lordre-des-geometres-experts-jean-perrillat-reelu\/\" rel=\"bookmark noopener\" title=\"Lien Permanent vers Conseil r\u00e9gional de l\u2019ordre des g\u00e9om\u00e8tres-experts : Jean Perrillat r\u00e9\u00e9lu\" target=\"_blank\"><\/p>\n<p>Lors de l\u2019assembl\u00e9e g\u00e9n\u00e9rale des 4 et 5 mai, le bureau du conseil r\u00e9gional de l\u2019ordre des g\u00e9om\u00e8tres-experts de Lyon a \u00e9t\u00e9 r\u00e9\u00e9lu.<\/p>\n<p><\/a><\/p>\n<p>\t<a href=\"http:\/\/www.lyonpoleimmo.com\/2022\/09\/01\/74167\/jour-j-pour-le-changement-dassurance-emprunteur-a-tout-moment\/\" rel=\"bookmark noopener\" title=\"Lien Permanent vers Jour J pour le changement d\u2019assurance emprunteur \u00e0 tout moment\" target=\"_blank\">Jour J pour le changement d\u2019assurance emprunteur \u00e0 tout moment<\/a><\/p>\n<p>\t<a href=\"http:\/\/www.lyonpoleimmo.com\/2022\/09\/01\/74167\/jour-j-pour-le-changement-dassurance-emprunteur-a-tout-moment\/\" rel=\"bookmark noopener\" title=\"Lien Permanent vers Jour J pour le changement d\u2019assurance emprunteur \u00e0 tout moment\" target=\"_blank\"><\/p>\n<p>Cons\u00e9quence de la loi Lemoine vot\u00e9e en f\u00e9vrier, il est possible d\u00e8s ce 1er septembre, de changer d\u2019assurance emprunteur.<\/p>\n<p><\/a><\/p>\n<p>\t<a href=\"http:\/\/www.lyonpoleimmo.com\/2022\/05\/11\/72562\/accord-renouvele-pour-le-csn-et-la-direction-de-limmobilier-de-letat\/\" rel=\"bookmark noopener\" title=\"Lien Permanent vers Accord renouvel\u00e9 pour le CSN et la Direction de l\u2019immobilier de l\u2019\u00c9tat\" target=\"_blank\">Accord renouvel\u00e9 pour le CSN et la Direction de l\u2019immobilier de l\u2019\u00c9tat<\/a><\/p>\n<p>\t<a href=\"http:\/\/www.lyonpoleimmo.com\/2022\/05\/11\/72562\/accord-renouvele-pour-le-csn-et-la-direction-de-limmobilier-de-letat\/\" rel=\"bookmark noopener\" title=\"Lien Permanent vers Accord renouvel\u00e9 pour le CSN et la Direction de l\u2019immobilier de l\u2019\u00c9tat\" target=\"_blank\"><\/p>\n<p>Le Conseil sup\u00e9rieur du notariat et la direction \u00e9tatique ont annonc\u00e9 la reconduction et l\u2019optimisation d\u2019un accord de partenariat mis en place en 2007.<\/p>\n<p><\/a><\/p>\n<p>\t<a href=\"http:\/\/www.lyonpoleimmo.com\/2022\/02\/10\/70782\/la-loi-3ds-adoptee-par-les-deputes-et-senateurs-les-8-et-9-fevrier\/\" rel=\"bookmark noopener\" title=\"Lien Permanent vers La loi 3DS adopt\u00e9e par les d\u00e9put\u00e9s et s\u00e9nateurs\" target=\"_blank\">La loi 3DS adopt\u00e9e par les d\u00e9put\u00e9s et s\u00e9nateurs<\/a><\/p>\n<p>\t<a href=\"http:\/\/www.lyonpoleimmo.com\/2022\/02\/10\/70782\/la-loi-3ds-adoptee-par-les-deputes-et-senateurs-les-8-et-9-fevrier\/\" rel=\"bookmark noopener\" title=\"Lien Permanent vers La loi 3DS adopt\u00e9e par les d\u00e9put\u00e9s et s\u00e9nateurs\" target=\"_blank\"><\/p>\n<p>Emmanuelle Wargon s\u2019est f\u00e9licit\u00e9 de l\u2019adoption par les parlementaires de cette loi, qui p\u00e9rennise selon elle la construction de logement social.<\/p>\n<p><\/a><\/p>\n<p>\t<a href=\"http:\/\/www.lyonpoleimmo.com\/2022\/01\/31\/70564\/une-table-ronde-de-la-fpi-sur-la-mixite-fonctionnelle\/\" rel=\"bookmark noopener\" title=\"Lien Permanent vers Une table ronde de la FPI sur la mixit\u00e9 fonctionnelle\" target=\"_blank\">Une table ronde de la FPI sur la mixit\u00e9 fonctionnelle<\/a><\/p>\n<p>\t<a href=\"http:\/\/www.lyonpoleimmo.com\/2022\/01\/31\/70564\/une-table-ronde-de-la-fpi-sur-la-mixite-fonctionnelle\/\" rel=\"bookmark noopener\" title=\"Lien Permanent vers Une table ronde de la FPI sur la mixit\u00e9 fonctionnelle\" target=\"_blank\"><\/p>\n<p>Dans le cadre de ses matinales, la f\u00e9d\u00e9ration des promoteurs immobiliers de Lyon a, au travers de deux op\u00e9rations, explor\u00e9 ce th\u00e8me particuli\u00e8rement promu par la M\u00e9tropole.<\/p>\n<p><\/a><\/p>\n<p>\t<a href=\"http:\/\/www.lyonpoleimmo.com\/2021\/10\/08\/68402\/projet-de-loi-de-finances-2022-hausse-du-budget-dedie-au-logement\/\" rel=\"bookmark noopener\" title=\"Lien Permanent vers Projet de loi de finances 2022 : hausse du budget d\u00e9di\u00e9 au logement\" target=\"_blank\">Projet de loi de finances 2022 : hausse du budget d\u00e9di\u00e9 au logement<\/a><\/p>\n<p>\t<a href=\"http:\/\/www.lyonpoleimmo.com\/2021\/10\/08\/68402\/projet-de-loi-de-finances-2022-hausse-du-budget-dedie-au-logement\/\" rel=\"bookmark noopener\" title=\"Lien Permanent vers Projet de loi de finances 2022 : hausse du budget d\u00e9di\u00e9 au logement\" target=\"_blank\"><\/p>\n<p>Le minist\u00e8re charg\u00e9 du Logement voit son budget rehauss\u00e9 de 1 milliard d\u2019euros, pour atteindre 17,15 milliards d\u2019euros. <\/p>\n<p><\/a><\/p>\n<p>\t<a href=\"http:\/\/www.lyonpoleimmo.com\/2021\/01\/13\/63219\/une-proposition-de-loi-pour-renforcer-les-dispositifs-anti-squat\/\" rel=\"bookmark noopener\" title=\"Lien Permanent vers Une proposition de loi pour renforcer les dispositifs \u00ab anti-squat \u00bb\" target=\"_blank\">Une proposition de loi pour renforcer les dispositifs \u00ab anti-squat \u00bb<\/a><\/p>\n<p>\t<a href=\"http:\/\/www.lyonpoleimmo.com\/2021\/01\/13\/63219\/une-proposition-de-loi-pour-renforcer-les-dispositifs-anti-squat\/\" rel=\"bookmark noopener\" title=\"Lien Permanent vers Une proposition de loi pour renforcer les dispositifs \u00ab anti-squat \u00bb\" target=\"_blank\"><\/p>\n<p>La commission des lois du S\u00e9nat qui se r\u00e9unissait ce mercredi a adopt\u00e9 cette proposition de loi tendant \u00e0 garantir le respect de la propri\u00e9t\u00e9 immobili\u00e8re contre le squat.<\/p>\n<p><\/a><\/p>\n","protected":false},"excerpt":{"rendered":"Laetitia Jossier (Chambre interd\u00e9partementale des notaires de la Cour d\u2019appel de Lyon) La notaire a \u00e9t\u00e9 \u00e9lue pr\u00e9sidente&hellip;\n","protected":false},"author":2,"featured_media":127877,"comment_status":"","ping_status":"","sticky":false,"template":"","format":"standard","meta":{"footnotes":""},"categories":[1889],"tags":[5265,1111,11,2430,1777,674,1011,27,9234,2428,12,25],"class_list":{"0":"post-127876","1":"post","2":"type-post","3":"status-publish","4":"format-standard","5":"has-post-thumbnail","7":"category-lyon","8":"tag-abonnes","9":"tag-actu","10":"tag-actualites","11":"tag-auvergne-rhone-alpes","12":"tag-eu","13":"tag-europe","14":"tag-fr","15":"tag-france","16":"tag-juridique","17":"tag-lyon","18":"tag-news","19":"tag-republique-francaise"},"share_on_mastodon":{"url":"https:\/\/pubeurope.com\/@fr\/114570720946228865","error":""},"_links":{"self":[{"href":"https:\/\/www.europesays.com\/fr\/wp-json\/wp\/v2\/posts\/127876","targetHints":{"allow":["GET"]}}],"collection":[{"href":"https:\/\/www.europesays.com\/fr\/wp-json\/wp\/v2\/posts"}],"about":[{"href":"https:\/\/www.europesays.com\/fr\/wp-json\/wp\/v2\/types\/post"}],"author":[{"embeddable":true,"href":"https:\/\/www.europesays.com\/fr\/wp-json\/wp\/v2\/users\/2"}],"replies":[{"embeddable":true,"href":"https:\/\/www.europesays.com\/fr\/wp-json\/wp\/v2\/comments?post=127876"}],"version-history":[{"count":0,"href":"https:\/\/www.europesays.com\/fr\/wp-json\/wp\/v2\/posts\/127876\/revisions"}],"wp:featuredmedia":[{"embeddable":true,"href":"https:\/\/www.europesays.com\/fr\/wp-json\/wp\/v2\/media\/127877"}],"wp:attachment":[{"href":"https:\/\/www.europesays.com\/fr\/wp-json\/wp\/v2\/media?parent=127876"}],"wp:term":[{"taxonomy":"category","embeddable":true,"href":"https:\/\/www.europesays.com\/fr\/wp-json\/wp\/v2\/categories?post=127876"},{"taxonomy":"post_tag","embeddable":true,"href":"https:\/\/www.europesays.com\/fr\/wp-json\/wp\/v2\/tags?post=127876"}],"curies":[{"name":"wp","href":"https:\/\/api.w.org\/{rel}","templated":true}]}}