{"id":127878,"date":"2025-05-25T22:00:10","date_gmt":"2025-05-25T22:00:10","guid":{"rendered":"https:\/\/www.europesays.com\/fr\/127878\/"},"modified":"2025-05-25T22:00:10","modified_gmt":"2025-05-25T22:00:10","slug":"lyon-les-mineurs-interpelles-samedi-en-presquile-convoques-devant-la-justice","status":"publish","type":"post","link":"https:\/\/www.europesays.com\/fr\/127878\/","title":{"rendered":"Lyon. Les mineurs interpell\u00e9s samedi en Presqu\u2019\u00eele convoqu\u00e9s devant la justice"},"content":{"rendered":"<p>Samedi, en fin d\u2019apr\u00e8s-midi, des adolescents, qui se trouvaient du c\u00f4t\u00e9 de la rue de la R\u00e9publique, aux abords de la place Bellecour, avaient provoqu\u00e9 des policiers. Ces derniers encadraient l\u2019arriv\u00e9e de la manifestation pour Gaza, lorsque des p\u00e9tards avaient \u00e9t\u00e9 lanc\u00e9s. Une \u00e9norme d\u00e9tonation avait notamment entra\u00een\u00e9 un mouvement de foule dans la rue bond\u00e9e.<\/p>\n<p><a href=\"https:\/\/www.leprogres.fr\/faits-divers-justice\/2025\/05\/24\/des-jeunes-sement-le-trouble-en-presqu-ile-quatre-interpellations\" target=\"_blank\" rel=\"nofollow noopener\">Des renforts policiers s\u2019\u00e9taient rapidement d\u00e9ploy\u00e9s<\/a> pour contenir ces adolescents, qui avaient jou\u00e9 quelques minutes au jeu du chat et de la souris avec les forces de l\u2019ordre.<\/p>\n<p>Le Progr\u00e8s avait appris samedi que quatre personnes avaient \u00e9t\u00e9 interpell\u00e9es, toutes sont mineures. Diff\u00e9rents faits leur sont reproch\u00e9s notamment des violences sur personne d\u00e9positaire de l\u2019autorit\u00e9 publique, participation \u00e0 un attroupement arm\u00e9, r\u00e9bellion\u2026 L\u2019un des jeunes \u00e9tait en possession de gros p\u00e9tards. Ils sont convoqu\u00e9s devant le juge des enfants.<\/p>\n","protected":false},"excerpt":{"rendered":"Samedi, en fin d\u2019apr\u00e8s-midi, des adolescents, qui se trouvaient du c\u00f4t\u00e9 de la rue de la R\u00e9publique, aux&hellip;\n","protected":false},"author":2,"featured_media":127879,"comment_status":"","ping_status":"","sticky":false,"template":"","format":"standard","meta":{"footnotes":""},"categories":[1889],"tags":[1111,11,2430,271,272,2757,1777,674,274,107,1011,27,2428,2756,12,25,2429],"class_list":{"0":"post-127878","1":"post","2":"type-post","3":"status-publish","4":"format-standard","5":"has-post-thumbnail","7":"category-lyon","8":"tag-actu","9":"tag-actualites","10":"tag-auvergne-rhone-alpes","11":"tag-crime","12":"tag-delit-et-contravention","13":"tag-edition-lyon-villeurbanne","14":"tag-eu","15":"tag-europe","16":"tag-faits-divers-justice","17":"tag-fil-info","18":"tag-fr","19":"tag-france","20":"tag-lyon","21":"tag-lyon-bassin","22":"tag-news","23":"tag-republique-francaise","24":"tag-rhone"},"share_on_mastodon":{"url":"","error":""},"_links":{"self":[{"href":"https:\/\/www.europesays.com\/fr\/wp-json\/wp\/v2\/posts\/127878","targetHints":{"allow":["GET"]}}],"collection":[{"href":"https:\/\/www.europesays.com\/fr\/wp-json\/wp\/v2\/posts"}],"about":[{"href":"https:\/\/www.europesays.com\/fr\/wp-json\/wp\/v2\/types\/post"}],"author":[{"embeddable":true,"href":"https:\/\/www.europesays.com\/fr\/wp-json\/wp\/v2\/users\/2"}],"replies":[{"embeddable":true,"href":"https:\/\/www.europesays.com\/fr\/wp-json\/wp\/v2\/comments?post=127878"}],"version-history":[{"count":0,"href":"https:\/\/www.europesays.com\/fr\/wp-json\/wp\/v2\/posts\/127878\/revisions"}],"wp:featuredmedia":[{"embeddable":true,"href":"https:\/\/www.europesays.com\/fr\/wp-json\/wp\/v2\/media\/127879"}],"wp:attachment":[{"href":"https:\/\/www.europesays.com\/fr\/wp-json\/wp\/v2\/media?parent=127878"}],"wp:term":[{"taxonomy":"category","embeddable":true,"href":"https:\/\/www.europesays.com\/fr\/wp-json\/wp\/v2\/categories?post=127878"},{"taxonomy":"post_tag","embeddable":true,"href":"https:\/\/www.europesays.com\/fr\/wp-json\/wp\/v2\/tags?post=127878"}],"curies":[{"name":"wp","href":"https:\/\/api.w.org\/{rel}","templated":true}]}}