{"id":127884,"date":"2025-05-25T22:05:13","date_gmt":"2025-05-25T22:05:13","guid":{"rendered":"https:\/\/www.europesays.com\/fr\/127884\/"},"modified":"2025-05-25T22:05:13","modified_gmt":"2025-05-25T22:05:13","slug":"il-peut-aller-au-bout-du-monde-confiait-maxime-guyon-apres-le-succes-de-sosie-dans-le-prix-dispahan","status":"publish","type":"post","link":"https:\/\/www.europesays.com\/fr\/127884\/","title":{"rendered":"\u00ab\u00a0Il peut aller au bout du monde\u00a0\u00bb confiait Maxime Guyon apr\u00e8s le succ\u00e8s de Sosie dans le Prix d\u2019Ispahan"},"content":{"rendered":"<p class=\"paragraph text_align_left\">Un mois apr\u00e8s avoir tenu t\u00eate au prometteur <a href=\"https:\/\/www.leparisien.fr\/sports\/hippisme\/prix-ganay-sosie-fait-tomber-map-of-stars-dans-le-premier-groupe-i-de-la-saison-a-longchamp-27-04-2025-5KQB3PWYRRA6DFCWQA6MGJGPKA.php?ts=1748190672326\" target=\"_self\" rel=\"noopener\">Map Of Stars dans le Prix Ganay (Groupe I)<\/a> sur la distance de 2 100m, Sosie a remis le couvert ce dimanche sur l\u2019hippodrome de ParisLongchamp dans l\u2019un des deux Groupes I de la r\u00e9union, le Prix d\u2019Ispahan disput\u00e9 sur 1 850 m.<\/p>\n<p class=\"paragraph text_align_left\">L\u00e9g\u00e8rement froid durant le parcours, le prot\u00e9g\u00e9 de Wertheimer et Fr\u00e8re n\u2019a pour autant pas inqui\u00e9t\u00e9 son jockey, <a href=\"https:\/\/www.leparisien.fr\/sports\/hippisme\/quinte-du-lundi-27-janvier-plus-de-1-440-montes-par-an-maxime-guyon-ne-lache-rien-pour-rester-numero-un-des-jockeys-25-01-2025-DVVW4OG5IFGERAQ2ZW6CM2WSHM.php\" target=\"_self\" rel=\"noopener\">Maxime Guyon<\/a> : \u00ab Je le connais par c\u0153ur. Si le leader n\u2019avait pas avanc\u00e9 de bonne heure, je l\u2019aurais fait car Sosie peut aller au bout du monde. \u00bb<\/p>\n","protected":false},"excerpt":{"rendered":"Un mois apr\u00e8s avoir tenu t\u00eate au prometteur Map Of Stars dans le Prix Ganay (Groupe I) sur&hellip;\n","protected":false},"author":2,"featured_media":127885,"comment_status":"","ping_status":"","sticky":false,"template":"","format":"standard","meta":{"footnotes":""},"categories":[1888],"tags":[11,1777,674,1011,27,11462,12,626,25,60],"class_list":{"0":"post-127884","1":"post","2":"type-post","3":"status-publish","4":"format-standard","5":"has-post-thumbnail","7":"category-paris","8":"tag-actualites","9":"tag-eu","10":"tag-europe","11":"tag-fr","12":"tag-france","13":"tag-hippisme","14":"tag-news","15":"tag-paris","16":"tag-republique-francaise","17":"tag-sports"},"share_on_mastodon":{"url":"https:\/\/pubeurope.com\/@fr\/114570744652217328","error":""},"_links":{"self":[{"href":"https:\/\/www.europesays.com\/fr\/wp-json\/wp\/v2\/posts\/127884","targetHints":{"allow":["GET"]}}],"collection":[{"href":"https:\/\/www.europesays.com\/fr\/wp-json\/wp\/v2\/posts"}],"about":[{"href":"https:\/\/www.europesays.com\/fr\/wp-json\/wp\/v2\/types\/post"}],"author":[{"embeddable":true,"href":"https:\/\/www.europesays.com\/fr\/wp-json\/wp\/v2\/users\/2"}],"replies":[{"embeddable":true,"href":"https:\/\/www.europesays.com\/fr\/wp-json\/wp\/v2\/comments?post=127884"}],"version-history":[{"count":0,"href":"https:\/\/www.europesays.com\/fr\/wp-json\/wp\/v2\/posts\/127884\/revisions"}],"wp:featuredmedia":[{"embeddable":true,"href":"https:\/\/www.europesays.com\/fr\/wp-json\/wp\/v2\/media\/127885"}],"wp:attachment":[{"href":"https:\/\/www.europesays.com\/fr\/wp-json\/wp\/v2\/media?parent=127884"}],"wp:term":[{"taxonomy":"category","embeddable":true,"href":"https:\/\/www.europesays.com\/fr\/wp-json\/wp\/v2\/categories?post=127884"},{"taxonomy":"post_tag","embeddable":true,"href":"https:\/\/www.europesays.com\/fr\/wp-json\/wp\/v2\/tags?post=127884"}],"curies":[{"name":"wp","href":"https:\/\/api.w.org\/{rel}","templated":true}]}}