{"id":127886,"date":"2025-05-25T22:06:05","date_gmt":"2025-05-25T22:06:05","guid":{"rendered":"https:\/\/www.europesays.com\/fr\/127886\/"},"modified":"2025-05-25T22:06:05","modified_gmt":"2025-05-25T22:06:05","slug":"guerre-israel-hamas-des-milliers-de-manifestants-a-paris-pour-denoncer-linaction-francaise-face-a-gaza","status":"publish","type":"post","link":"https:\/\/www.europesays.com\/fr\/127886\/","title":{"rendered":"Guerre Isra\u00ebl-Hamas: des milliers de manifestants \u00e0 Paris pour d\u00e9noncer l&rsquo;inaction fran\u00e7aise face \u00e0 Gaza"},"content":{"rendered":"<p class=\"ap-StoryElement ap-StoryElement--mb ap-StoryText\">La pr\u00e9fecture de police de Paris (PP) a d\u00e9nombr\u00e9 4.000 participants \u00e0 ce rassemblement organis\u00e9 place de la R\u00e9publique \u00e0 l&rsquo;appel de l&rsquo;Union \u00e9tudiante, de l&rsquo;Union syndicale lyc\u00e9enne, du Comit\u00e9 Palestine Sorbonne et du Rassemblement pour l&rsquo;\u00e9galit\u00e9 et la d\u00e9mocratie.<\/p>\n<p class=\"ap-StoryElement ap-StoryElement--mb ap-StoryText\">Souhaitant \u00ab\u00a0exercer une pression suppl\u00e9mentaire sur le pouvoir qui tarde \u00e0 agir\u00a0\u00bb et \u00ab\u00a0alors que l&rsquo;urgence de la situation n\u00e9cessite des mesures imm\u00e9diates pour stopper Isra\u00ebl dans son projet g\u00e9nocidaire\u00a0\u00bb, les manifestants ont brandi des pancartes et scand\u00e9 des slogans tels que \u00ab\u00a090 % de la population d\u00e9plac\u00e9e\u00a0\u00bb, \u00ab\u00a0Isra\u00ebl casse-toi la Palestine n&rsquo;est pas \u00e0 toi\u00a0\u00bb, \u00ab\u00a0sanctions \u00e9conomiques, boycott acad\u00e9mique sur l&rsquo;\u00c9tat g\u00e9nocidaire\u00a0\u00bb, \u00ab\u00a0ce n&rsquo;est pas une guerre c&rsquo;est un g\u00e9nocide\u00a0\u00bb.<\/p>\n","protected":false},"excerpt":{"rendered":"La pr\u00e9fecture de police de Paris (PP) a d\u00e9nombr\u00e9 4.000 participants \u00e0 ce rassemblement organis\u00e9 place de la&hellip;\n","protected":false},"author":2,"featured_media":127887,"comment_status":"","ping_status":"","sticky":false,"template":"","format":"standard","meta":{"footnotes":""},"categories":[1888],"tags":[11,1777,674,1011,27,1146,664,2088,12,626,25],"class_list":{"0":"post-127886","1":"post","2":"type-post","3":"status-publish","4":"format-standard","5":"has-post-thumbnail","7":"category-paris","8":"tag-actualites","9":"tag-eu","10":"tag-europe","11":"tag-fr","12":"tag-france","13":"tag-guerre","14":"tag-israel","15":"tag-manifestation","16":"tag-news","17":"tag-paris","18":"tag-republique-francaise"},"share_on_mastodon":{"url":"https:\/\/pubeurope.com\/@fr\/114570748470194560","error":""},"_links":{"self":[{"href":"https:\/\/www.europesays.com\/fr\/wp-json\/wp\/v2\/posts\/127886","targetHints":{"allow":["GET"]}}],"collection":[{"href":"https:\/\/www.europesays.com\/fr\/wp-json\/wp\/v2\/posts"}],"about":[{"href":"https:\/\/www.europesays.com\/fr\/wp-json\/wp\/v2\/types\/post"}],"author":[{"embeddable":true,"href":"https:\/\/www.europesays.com\/fr\/wp-json\/wp\/v2\/users\/2"}],"replies":[{"embeddable":true,"href":"https:\/\/www.europesays.com\/fr\/wp-json\/wp\/v2\/comments?post=127886"}],"version-history":[{"count":0,"href":"https:\/\/www.europesays.com\/fr\/wp-json\/wp\/v2\/posts\/127886\/revisions"}],"wp:featuredmedia":[{"embeddable":true,"href":"https:\/\/www.europesays.com\/fr\/wp-json\/wp\/v2\/media\/127887"}],"wp:attachment":[{"href":"https:\/\/www.europesays.com\/fr\/wp-json\/wp\/v2\/media?parent=127886"}],"wp:term":[{"taxonomy":"category","embeddable":true,"href":"https:\/\/www.europesays.com\/fr\/wp-json\/wp\/v2\/categories?post=127886"},{"taxonomy":"post_tag","embeddable":true,"href":"https:\/\/www.europesays.com\/fr\/wp-json\/wp\/v2\/tags?post=127886"}],"curies":[{"name":"wp","href":"https:\/\/api.w.org\/{rel}","templated":true}]}}