{"id":127888,"date":"2025-05-25T22:07:24","date_gmt":"2025-05-25T22:07:24","guid":{"rendered":"https:\/\/www.europesays.com\/fr\/127888\/"},"modified":"2025-05-25T22:07:24","modified_gmt":"2025-05-25T22:07:24","slug":"en-ukraine-lattente-et-lemotion-des-familles-au-retour-des-soldats-echanges-avec-les-russes","status":"publish","type":"post","link":"https:\/\/www.europesays.com\/fr\/127888\/","title":{"rendered":"En Ukraine, l\u2019attente et l\u2019\u00e9motion des familles au retour des soldats \u00e9chang\u00e9s avec les Russes"},"content":{"rendered":"<p><strong>REPORTAGE PHOTO &#8211; <\/strong>Pr\u00e8s de 880 militaires et 120 civils ukrainiens et russes ont \u00e9t\u00e9 lib\u00e9r\u00e9s de chaque c\u00f4t\u00e9 ce week-end, dans le cadre d\u2019un accord \u00ab1000 contre 1000\u00bb entre les deux pays, conclu le 16 mai dernier \u00e0 Istanbul.<\/p>\n<p class=\"fig-paragraph\">Dans la r\u00e9gion de Tchernihiv, pr\u00e8s de la fronti\u00e8re avec la Bi\u00e9lorussie, Le Figaro a assist\u00e9 au retour d\u2019une partie des soldats ukrainiens \u00e9chang\u00e9s par les Russes contre leurs propres soldats samedi et dimanche suite \u00e0<a href=\"http:\/\/www.lefigaro.fr\/international\/en-pleins-pourparlers-difficiles-a-istanbul-l-armee-ukrainienne-flanche-face-aux-russes-dans-le-donbass-20250516\" data-fig-type=\"NewsFlash\" data-gtm-custom-categorie=\"navigation\" data-gtm-custom-action=\"crossclick\" data-gtm-custom-label=\"Contextuel\" data-gtm-event=\"customEventSPE\" data-fig-domain=\"LEFIGARO\" rel=\"nofollow noopener\" target=\"_blank\">\u00a0l\u2019accord d\u2019Istanbul du 16 mai<\/a>.<\/p>\n<p class=\"fig-paragraph\">Sur place, les familles des soldats toujours port\u00e9s disparus attendaient en brandissant leurs portraits, dans l\u2019espoir que les militaires lib\u00e9r\u00e9s les aient crois\u00e9s pendant leur d\u00e9tention et puissent leur en donner des nouvelles.<\/p>\n","protected":false},"excerpt":{"rendered":"REPORTAGE PHOTO &#8211; Pr\u00e8s de 880 militaires et 120 civils ukrainiens et russes ont \u00e9t\u00e9 lib\u00e9r\u00e9s de chaque&hellip;\n","protected":false},"author":2,"featured_media":127889,"comment_status":"","ping_status":"","sticky":false,"template":"","format":"standard","meta":{"footnotes":""},"categories":[1591],"tags":[259,11,260,1887,131,14,261,12,262,1885,1886,132,220],"class_list":{"0":"post-127888","1":"post","2":"type-post","3":"status-publish","4":"format-standard","5":"has-post-thumbnail","7":"category-russie","8":"tag-actualite-internationale","9":"tag-actualites","10":"tag-affaires-etrangeres","11":"tag-federation-de-russie","12":"tag-guerre-en-ukraine","13":"tag-international","14":"tag-ministere-des-affaires-etrangeres","15":"tag-news","16":"tag-politique-etrangere","17":"tag-russia","18":"tag-russian-federation","19":"tag-russie","20":"tag-ukraine"},"share_on_mastodon":{"url":"https:\/\/pubeurope.com\/@fr\/114570752425454777","error":""},"_links":{"self":[{"href":"https:\/\/www.europesays.com\/fr\/wp-json\/wp\/v2\/posts\/127888","targetHints":{"allow":["GET"]}}],"collection":[{"href":"https:\/\/www.europesays.com\/fr\/wp-json\/wp\/v2\/posts"}],"about":[{"href":"https:\/\/www.europesays.com\/fr\/wp-json\/wp\/v2\/types\/post"}],"author":[{"embeddable":true,"href":"https:\/\/www.europesays.com\/fr\/wp-json\/wp\/v2\/users\/2"}],"replies":[{"embeddable":true,"href":"https:\/\/www.europesays.com\/fr\/wp-json\/wp\/v2\/comments?post=127888"}],"version-history":[{"count":0,"href":"https:\/\/www.europesays.com\/fr\/wp-json\/wp\/v2\/posts\/127888\/revisions"}],"wp:featuredmedia":[{"embeddable":true,"href":"https:\/\/www.europesays.com\/fr\/wp-json\/wp\/v2\/media\/127889"}],"wp:attachment":[{"href":"https:\/\/www.europesays.com\/fr\/wp-json\/wp\/v2\/media?parent=127888"}],"wp:term":[{"taxonomy":"category","embeddable":true,"href":"https:\/\/www.europesays.com\/fr\/wp-json\/wp\/v2\/categories?post=127888"},{"taxonomy":"post_tag","embeddable":true,"href":"https:\/\/www.europesays.com\/fr\/wp-json\/wp\/v2\/tags?post=127888"}],"curies":[{"name":"wp","href":"https:\/\/api.w.org\/{rel}","templated":true}]}}