{"id":12789,"date":"2025-04-09T14:03:15","date_gmt":"2025-04-09T14:03:15","guid":{"rendered":"https:\/\/www.europesays.com\/fr\/12789\/"},"modified":"2025-04-09T14:03:15","modified_gmt":"2025-04-09T14:03:15","slug":"les-matchs-de-hockey-maintenus-a-nice-pour-les-jo-2030","status":"publish","type":"post","link":"https:\/\/www.europesays.com\/fr\/12789\/","title":{"rendered":"Les matchs de hockey maintenus \u00e0 Nice pour les JO 2030?"},"content":{"rendered":"<p>La rumeur court depuis quelques jours: et si Lyon r\u00e9cup\u00e9rait les matchs de hockey sur glace lors des jeux olympiques d\u2019hiver 2030, <a href=\"https:\/\/www.nicematin.com\/sport\/jo-2030-dans-les-alpes-francaises-une-patinoire-installee-dans-lantre-de-lallianz-riviera-les-matchs-de-logc-nice-impactes-917663\" target=\"_blank\" rel=\"noopener\">initialement pr\u00e9vus \u00e0 Nice<\/a>?<\/p>\n<p>75 rencontres sont pr\u00e9vues au calendrier, et aux derni\u00e8res nouvelles, elles doivent se d\u00e9rouler dans l\u2019enceinte de l\u2019Allianz Riviera, le stade de foot de l\u2019OGC Nice.<\/p>\n<p>Comment? Avec la cr\u00e9ation de deux patinoires temporaires, qui poseraient potentiellement deux probl\u00e8mes: l\u2019un financier, l\u2019autre \u00e9cologique.<\/p>\n<p>Combien \u00e7a co\u00fbte de transformer un stade de foot en terrains de hockey, et est-ce bien raisonnable de vouloir taquiner le palet \u00e0 ciel ouvert sur la C\u00f4te d\u2019Azur en f\u00e9vrier ?<\/p>\n<p>Pour \u00c9ric Ciotti, la r\u00e9ponse ne fait pas de doute: \u00ab\u00a0C\u2019est totalement inappropri\u00e9\u00a0\u00bb, <a href=\"https:\/\/www.nicematin.com\/sport\/cout-exorbibant-l-ogc-nice-penalise-tacle-a-christian-estrosi-eric-ciotti-enrage-contre-l-installation-d-un-patinoire-a-l-allianz-riviera-lors-des-jo-d-hiver-2030-978050\" target=\"_blank\" rel=\"noopener\">\u00e9crit, le 10 mars, le d\u00e9put\u00e9 de l\u2019Union des droites pour la R\u00e9publique (UDR) dans une lettre ouverte \u00e0 destination d\u2019Edgar Grospiron,<\/a> pr\u00e9sident du Comit\u00e9 d\u2019organisation des Jeux Olympiques.<\/p>\n<p>Outre la g\u00eane occasionn\u00e9e pour l\u2019OGC Nice \u2013 qui devra sans doute d\u00e9localiser plusieurs matchs \u00e0 Monaco \u2013 le meilleur ennemi de Christian Estrosi laisse entendre que la patinoire Jean-Bouin pourrait suffire.<\/p>\n<p>Concluant: \u00ab\u00a0Il semblerait que cette transformation provisoire aurait un co\u00fbt exorbitant de plusieurs dizaines de millions d\u2019euros [&#8230;] Cela ne me para\u00eet absolument pas r\u00e9pondre \u00e0 une indispensable gestion rigoureuse des fonds publics. [..] L\u00e0 o\u00f9 je serai en 2026, je m\u2019opposerai \u00e0 ce projet.\u00a0\u00bb<\/p>\n<p><strong>La LDLC Arena de Jean-Michel Aulas en embuscade<\/strong><\/p>\n<p>De son c\u00f4t\u00e9, la LDLC Arena, situ\u00e9e \u00e0 D\u00e9cines dans la m\u00e9tropole de Lyon, avance des arguments solides, selon RMC Sport.<\/p>\n<p>Construite r\u00e9cemment et d\u00e9j\u00e0 adapt\u00e9e aux normes du hockey, cette salle multifonction \u2013 qui appartient \u00e0 Jean-Michel Aulas \u2013 a par ailleurs \u00e9t\u00e9 retenue pour coorganiser, avec Paris, les championnats du monde de hockey sur glace en 2028.<\/p>\n<p>Et le co\u00fbt total d\u2019adaptation \u00e0 Lyon serait nettement inf\u00e9rieur \u00e0 celui du projet ni\u00e7ois.<\/p>\n<p><strong>La carte des sites pr\u00e9sent\u00e9e le 23 juin<\/strong><\/p>\n<p>Face \u00e0 cette rumeur grandissante, Edgar Grospiron s\u2019est donc fendu d\u2019un communiqu\u00e9 lundi 7 avril, pour la d\u00e9gonfler.<\/p>\n<p>\u00ab\u00a0Le site de Nice a \u00e9t\u00e9 valid\u00e9 par l\u2019ensemble des parties prenantes, notamment le Comit\u00e9 international olympique, la f\u00e9d\u00e9ration internationale concern\u00e9e, ainsi que les \u00e9quipes techniques du comit\u00e9 de candidature, \u00e9crit-il. Cette validation repose sur une analyse rigoureuse des infrastructures, des exigences sportives internationales et de l\u2019\u00e9quilibre global du plan des sites.  j\u2019ai pu personnellement constater la l\u00e9gitimit\u00e9 de ce site. Nous travaillons actuellement, avec les \u00e9quipes, \u00e0 la mise en \u0153uvre op\u00e9rationnelle de ce projet avec rigueur, enthousiasme et engagement.\u00a0\u00bb<\/p>\n<p>Et d\u2019enfoncer le clou: \u00ab\u00a0Il n\u2019y a, \u00e0 ce jour, aucune remise en cause de ce site. Il constitue une pi\u00e8ce essentielle de notre dispositif, en parfaite compl\u00e9mentarit\u00e9 avec les sites alpins. Toutes les garanties li\u00e9es \u00e0 cette organisation seront apport\u00e9es d\u2019ici au 23 juin, date \u00e0 laquelle nous pr\u00e9senterons officiellement la carte des sites des Jeux d\u2019hiver 2030.\u00a0\u00bb<\/p>\n<p>Reste d\u00e9sormais \u00e0 savoir o\u00f9 se d\u00e9rouleront les 150 rencontres de curling, les 16 sessions de patinage artistique et les 9 \u00e9preuves de short-track, qui sont \u00e9galement pr\u00e9vus \u00e0 Nice. Aux derni\u00e8res nouvelles, le curling et le short-track devraient se d\u00e9rouler au palais Nika\u00efa. Quant au patinage artistique, il devrait avoir lieu dans la nouvelle patinoire qui doit sortir de terre \u00e0 c\u00f4t\u00e9 de l\u2019Allianz.<\/p>\n<p><strong>\u00ab\u00a0Nice, n\u2019est pas une ville de montagne\u00a0\u00bb<\/strong><\/p>\n<p>Au grand dam des \u00e9lus \u00e9cologistes ni\u00e7ois: <a href=\"https:\/\/www.nicematin.com\/sport\/comment-la-question-du-logement-social-s-est-invitee-dans-les-debats-du-conseil-municipal-de-nice-sur-les-jo-d-hiver-2030-979907\" target=\"_blank\" rel=\"noopener\">la zone \u00e9tait en principe r\u00e9serv\u00e9e \u00e0 la construction de logements en mixit\u00e9 sociale<\/a>. Or, Nice en manque, et doit payer r\u00e9guli\u00e8rement des p\u00e9nalit\u00e9s (11 millions d\u2019euros en 2025).<\/p>\n<p>\u00ab\u00a0La construction d\u2019une patinoire de 10.000 places est-elle v\u00e9ritablement la priorit\u00e9 quand on sait qu\u2019il manque 20.000 logements sociaux?\u00a0\u00bb, a demand\u00e9 l\u2019\u00e9cologiste ni\u00e7ois Jean-Christophe Picard lors du dernier conseil municipal.<\/p>\n<p>Les Verts, <a href=\"https:\/\/www.nicematin.com\/politique\/-nous-ne-partageons-pas-cette-euphorie-generale-les-jeux-olympiques-dans-les-alpes-n-emballent-pas-les-ecologistes-nicois-ils-demandent-un-referendum-888641\" target=\"_blank\" rel=\"noopener\">peu emball\u00e9s par ces Jeux olympiques depuis le d\u00e9but<\/a>, ne sont toujours pas convaincus. Ce lundi 7 avril, Fabrice Decoupigny, conseiller municipal \u00e9cologiste \u00e0 Nice, d\u00e9non\u00e7ait encore sur BFM C\u00f4te d\u2019Azur \u00ab\u00a0un bilan carbone catastrophique\u00a0\u00bb.<\/p>\n<p>\u00ab\u00a0La nouvelle patinoire va co\u00fbter 120 millions, dont 24 millions pour Nice. Et souvent, ce type d\u2019\u00e9quipement d\u00e9passe les budgets. Donc \u00e7a va \u00eatre combien? 30? 35 millions? Faut arr\u00eater.\u00a0\u00bb<\/p>\n<p>Ajoutant: \u00ab\u00a0Nice, ce n\u2019est pas une ville de montagne, c\u2019est une ville du littoral, et avec le r\u00e9chauffement climatique, mettre une patinoire \u00e0 l\u2019air libre dans un stade, je trouve \u00e7a un peu aberrant.\u00a0\u00bb<\/p>\n<p>Apr\u00e8s les JO d\u2019hiver de 2030, l\u2019infrastructure existante \u00e0 l\u2019Est de la ville (Jean-Bouin) sera transform\u00e9e en p\u00f4le nautique, et les activit\u00e9s sur glace seront positionn\u00e9es dans la future patinoire de l\u2019ouest.<\/p>\n<p>Quant \u00e0 la nouvelle patinoire, elle reviendra aux Aigles de Nice, le club de hockey, qui joue actuellement en premi\u00e8re division (Ligue Magnus) sur la patinoire de Jean-Bouin.<\/p>\n","protected":false},"excerpt":{"rendered":"La rumeur court depuis quelques jours: et si Lyon r\u00e9cup\u00e9rait les matchs de hockey sur glace lors des&hellip;\n","protected":false},"author":2,"featured_media":12790,"comment_status":"","ping_status":"","sticky":false,"template":"","format":"standard","meta":{"footnotes":""},"categories":[2819],"tags":[1111,11,1777,674,1011,27,4488,12,2401,882,25,60],"class_list":{"0":"post-12789","1":"post","2":"type-post","3":"status-publish","4":"format-standard","5":"has-post-thumbnail","7":"category-nice","8":"tag-actu","9":"tag-actualites","10":"tag-eu","11":"tag-europe","12":"tag-fr","13":"tag-france","14":"tag-hockey","15":"tag-news","16":"tag-nice","17":"tag-provence-alpes-cote-dazur","18":"tag-republique-francaise","19":"tag-sports"},"share_on_mastodon":{"url":"https:\/\/pubeurope.com\/@fr\/114308383038621729","error":""},"_links":{"self":[{"href":"https:\/\/www.europesays.com\/fr\/wp-json\/wp\/v2\/posts\/12789","targetHints":{"allow":["GET"]}}],"collection":[{"href":"https:\/\/www.europesays.com\/fr\/wp-json\/wp\/v2\/posts"}],"about":[{"href":"https:\/\/www.europesays.com\/fr\/wp-json\/wp\/v2\/types\/post"}],"author":[{"embeddable":true,"href":"https:\/\/www.europesays.com\/fr\/wp-json\/wp\/v2\/users\/2"}],"replies":[{"embeddable":true,"href":"https:\/\/www.europesays.com\/fr\/wp-json\/wp\/v2\/comments?post=12789"}],"version-history":[{"count":0,"href":"https:\/\/www.europesays.com\/fr\/wp-json\/wp\/v2\/posts\/12789\/revisions"}],"wp:featuredmedia":[{"embeddable":true,"href":"https:\/\/www.europesays.com\/fr\/wp-json\/wp\/v2\/media\/12790"}],"wp:attachment":[{"href":"https:\/\/www.europesays.com\/fr\/wp-json\/wp\/v2\/media?parent=12789"}],"wp:term":[{"taxonomy":"category","embeddable":true,"href":"https:\/\/www.europesays.com\/fr\/wp-json\/wp\/v2\/categories?post=12789"},{"taxonomy":"post_tag","embeddable":true,"href":"https:\/\/www.europesays.com\/fr\/wp-json\/wp\/v2\/tags?post=12789"}],"curies":[{"name":"wp","href":"https:\/\/api.w.org\/{rel}","templated":true}]}}