{"id":127892,"date":"2025-05-25T22:09:09","date_gmt":"2025-05-25T22:09:09","guid":{"rendered":"https:\/\/www.europesays.com\/fr\/127892\/"},"modified":"2025-05-25T22:09:09","modified_gmt":"2025-05-25T22:09:09","slug":"un-americain-inculpe-pour-tentative-dattaque-contre-la-mission-americaine-a-tel-aviv","status":"publish","type":"post","link":"https:\/\/www.europesays.com\/fr\/127892\/","title":{"rendered":"un Am\u00e9ricain inculp\u00e9 pour tentative d&rsquo;attaque contre la mission am\u00e9ricaine \u00e0 Tel-Aviv"},"content":{"rendered":"<p class=\"fig-paragraph\">Un tribunal de New York a inculp\u00e9 dimanche un ressortissant am\u00e9ricain soup\u00e7onn\u00e9 d&rsquo;avoir tent\u00e9 de mener une attaque contre la mission diplomatique am\u00e9ricaine \u00e0 Tel-Aviv, en\u00a0<a href=\"http:\/\/www.lefigaro.fr\/international\/dossier\/attaque-du-hamas-contre-israel-le-point-sur-la-situation\" data-fig-type=\"Topic\" data-gtm-custom-categorie=\"navigation\" data-gtm-custom-action=\"crossclick\" data-gtm-custom-label=\"Contextuel\" data-gtm-event=\"customEventSPE\" data-fig-domain=\"LEFIGARO\" target=\"_blank\" rel=\"noopener\">Isra\u00ebl<\/a>, a indiqu\u00e9 le minist\u00e8re am\u00e9ricain de la Justice.<\/p>\n<p class=\"fig-paragraph\">Joseph Neumeyer, 28 ans, titulaire aussi de la nationalit\u00e9 allemande, s&rsquo;\u00e9tait rendu le mois dernier en Isra\u00ebl et avait post\u00e9 sur son compte Facebook le 19 mai une invitation \u00e0 \u00abincendier\u00bb la mission diplomatique am\u00e9ricaine dans la m\u00e9tropole isra\u00e9lienne de Tel-Aviv, selon la justice.<\/p>\n<p class=\"fig-paragraph\">\u00abMort \u00e0 l&rsquo;Am\u00e9rique, mort aux Am\u00e9ricains\u00bb, avait-il \u00e9crit sur Facebook avant de s&rsquo;approcher de la mission diplomatique \u00e0 Tel-Aviv &#8211; les \u00c9tats-Unis ayant officiellement d\u00e9plac\u00e9 leur ambassade \u00e0 J\u00e9rusalem en mai 2018 &#8211; de cracher sur un garde, avant de laisser son sac \u00e0 dos sur place et de prendre la fuite. Les forces de l&rsquo;ordre ont trouv\u00e9 dans son sac des cocktails Molotov. Ils ont retrouv\u00e9 l&rsquo;homme \u00e0 son h\u00f4tel, o\u00f9 il a \u00e9t\u00e9 arr\u00eat\u00e9, avant d&rsquo;\u00eatre expuls\u00e9 ce week-end aux \u00c9tats-Unis, d&rsquo;apr\u00e8s les informations du minist\u00e8re de la Justice.<\/p>\n<p class=\"fig-paragraph\">Neumeyer a \u00e9t\u00e9 interpell\u00e9 dimanche matin \u00e0\u00a0<a href=\"http:\/\/www.lefigaro.fr\/voyages\/conseils\/a-new-york-relier-l-aeroport-jfk-a-manhattan-ne-prend-plus-que-30-minutes-20230131\" data-fig-type=\"Article\" data-gtm-custom-categorie=\"navigation\" data-gtm-custom-action=\"crossclick\" data-gtm-custom-label=\"Contextuel\" data-gtm-event=\"customEventSPE\" data-fig-domain=\"LEFIGARO\" target=\"_blank\" rel=\"noopener\">l&rsquo;a\u00e9roport JFK de New York<\/a>\u00a0et inculp\u00e9 au tribunal du district Est de New York, dans le quartier de Brooklyn. \u00abNeumeyer disposait d&rsquo;armes l\u00e9tales et cherchait \u00e0 semer le chaos et la destruction (&#8230;) Nous n&rsquo;allons pas tol\u00e9rer la violence sur notre sol, ni celle visant des int\u00e9r\u00eats am\u00e9ricains \u00e0 l&rsquo;\u00e9tranger\u00bb, a comment\u00e9 le procureur Joseph Nocella. \u00abL&rsquo;accus\u00e9 est inculp\u00e9 pour tentative d&rsquo;attaque \u00e0 la bombe contre l&rsquo;ambassade am\u00e9ricaine et pour menace \u00e0 l&rsquo;encontre de Donald Trump\u00bb, a pr\u00e9cis\u00e9 dans un communiqu\u00e9 le directeur du FBI Kash Patel.<\/p>\n<p class=\"fig-paragraph\">Mercredi soir, deux jours apr\u00e8s cet incident pr\u00e9sum\u00e9 \u00e0 Tel-Aviv, un homme a\u00a0<a href=\"http:\/\/www.lefigaro.fr\/international\/etats-unis-deux-personnes-tuees-par-balle-pres-du-musee-juif-de-washington-20250522\" data-fig-type=\"NewsFlash\" data-gtm-custom-categorie=\"navigation\" data-gtm-custom-action=\"crossclick\" data-gtm-custom-label=\"Contextuel\" data-gtm-event=\"customEventSPE\" data-fig-domain=\"LEFIGARO\" target=\"_blank\" rel=\"noopener\">tu\u00e9 deux employ\u00e9s de l&rsquo;ambassade isra\u00e9lienne \u00e0 Washington<\/a>, criant ensuite \u00abLib\u00e9rez la Palestine\u00bb.\u00a0<a href=\"http:\/\/www.lefigaro.fr\/international\/fusillade-devant-le-musee-juif-de-washington-qui-est-elias-rodriguez-le-principal-suspect-20250522\" data-fig-type=\"NewsFlash\" data-gtm-custom-categorie=\"navigation\" data-gtm-custom-action=\"crossclick\" data-gtm-custom-label=\"Contextuel\" data-gtm-event=\"customEventSPE\" data-fig-domain=\"LEFIGARO\" target=\"_blank\" rel=\"noopener\">Elias Rodriguez<\/a>, \u00e2g\u00e9 de 31 ans, originaire de Chicago, a \u00e9t\u00e9 inculp\u00e9 jeudi pour assassinats.<\/p>\n","protected":false},"excerpt":{"rendered":"Un tribunal de New York a inculp\u00e9 dimanche un ressortissant am\u00e9ricain soup\u00e7onn\u00e9 d&rsquo;avoir tent\u00e9 de mener une attaque&hellip;\n","protected":false},"author":2,"featured_media":127893,"comment_status":"","ping_status":"","sticky":false,"template":"","format":"standard","meta":{"footnotes":""},"categories":[1589],"tags":[1111,47,11,1109,1112,73,1866,118,1108,107,1106,1107,27,1110,1114,14,415,12,1113,316,25146,1864,1865,1863,308],"class_list":{"0":"post-127892","1":"post","2":"type-post","3":"status-publish","4":"format-standard","5":"has-post-thumbnail","7":"category-etats-unis","8":"tag-actu","9":"tag-actualite","10":"tag-actualites","11":"tag-breves","12":"tag-depeches","13":"tag-etats-unis","14":"tag-etats-unis-damerique","15":"tag-faits-divers","16":"tag-fil","17":"tag-fil-info","18":"tag-flash","19":"tag-flash-actu","20":"tag-france","21":"tag-informations","22":"tag-infos","23":"tag-international","24":"tag-new-york","25":"tag-news","26":"tag-nouvelles","27":"tag-politique","28":"tag-tel-aviv","29":"tag-united-states","30":"tag-united-states-of-america","31":"tag-us","32":"tag-usa"},"share_on_mastodon":{"url":"https:\/\/pubeurope.com\/@fr\/114570760255671283","error":""},"_links":{"self":[{"href":"https:\/\/www.europesays.com\/fr\/wp-json\/wp\/v2\/posts\/127892","targetHints":{"allow":["GET"]}}],"collection":[{"href":"https:\/\/www.europesays.com\/fr\/wp-json\/wp\/v2\/posts"}],"about":[{"href":"https:\/\/www.europesays.com\/fr\/wp-json\/wp\/v2\/types\/post"}],"author":[{"embeddable":true,"href":"https:\/\/www.europesays.com\/fr\/wp-json\/wp\/v2\/users\/2"}],"replies":[{"embeddable":true,"href":"https:\/\/www.europesays.com\/fr\/wp-json\/wp\/v2\/comments?post=127892"}],"version-history":[{"count":0,"href":"https:\/\/www.europesays.com\/fr\/wp-json\/wp\/v2\/posts\/127892\/revisions"}],"wp:featuredmedia":[{"embeddable":true,"href":"https:\/\/www.europesays.com\/fr\/wp-json\/wp\/v2\/media\/127893"}],"wp:attachment":[{"href":"https:\/\/www.europesays.com\/fr\/wp-json\/wp\/v2\/media?parent=127892"}],"wp:term":[{"taxonomy":"category","embeddable":true,"href":"https:\/\/www.europesays.com\/fr\/wp-json\/wp\/v2\/categories?post=127892"},{"taxonomy":"post_tag","embeddable":true,"href":"https:\/\/www.europesays.com\/fr\/wp-json\/wp\/v2\/tags?post=127892"}],"curies":[{"name":"wp","href":"https:\/\/api.w.org\/{rel}","templated":true}]}}