{"id":127896,"date":"2025-05-25T22:11:10","date_gmt":"2025-05-25T22:11:10","guid":{"rendered":"https:\/\/www.europesays.com\/fr\/127896\/"},"modified":"2025-05-25T22:11:10","modified_gmt":"2025-05-25T22:11:10","slug":"allemagne-le-chef-de-la-defense-ordonne-une-expansion-rapide-des-capacites-de-guerre-25-05-2025-a-2015","status":"publish","type":"post","link":"https:\/\/www.europesays.com\/fr\/127896\/","title":{"rendered":"Allemagne-Le chef de la d\u00e9fense ordonne une expansion rapide des capacit\u00e9s de guerre &#8211; 25\/05\/2025 \u00e0 20:15"},"content":{"rendered":"<p>        <img fetchpriority=\"high\" decoding=\"async\" src=\"https:\/\/www.europesays.com\/fr\/wp-content\/uploads\/2025\/05\/c7715e70cf884b41cdaf8ffe4d988892-760x507.jpg\" alt=\"FILE PHOTO: Quadriga 2024 NATO military exercise in Pabrade\" loading=\"eager\" width=\"760\" height=\"507\" style=\"max-width: 100%!important; height: auto;\"\/><\/p>\n<p class=\"c-image-news__legend\">FILE PHOTO: Quadriga 2024 NATO military exercise in Pabrade<\/p>\n<p>\n Le chef d&rsquo;\u00e9tat-major des arm\u00e9es, Carsten Breuer, a demand\u00e9 \u00e0 l&rsquo;arm\u00e9e allemande d&rsquo;\u00eatre totalement \u00e9quip\u00e9e avec des armes et d&rsquo;autres mat\u00e9riels militaires d&rsquo;ici 2029, selon un document consult\u00e9 dimanche par Reuters.\n<\/p>\n<p>\n Le texte, nomm\u00e9 \u00ab\u00a0Directives prioritaires pour le renforcement de l&rsquo;\u00e9tat de pr\u00e9paration\u00a0\u00bb, a \u00e9t\u00e9 sign\u00e9 par Carsten Breuer le 19 mai dernier et indique que le gouvernement allemand atteindra l&rsquo;objectif de financement gr\u00e2ce \u00e0 la r\u00e9forme historique du frein \u00e0 l&rsquo;endettement approuv\u00e9e en mars.\n<\/p>\n<p>\n Selon le chef d&rsquo;\u00e9tat major des arm\u00e9es et des militaires de haut rang de l&rsquo;Otan, la Russie aura reconstitu\u00e9 ses forces pour attaquer un pays membre de l&rsquo;alliance d&rsquo;ici 2029.\n<\/p>\n<p>\n Le minist\u00e8re allemand de la D\u00e9fense n&rsquo;a pas r\u00e9pondu dans l&rsquo;imm\u00e9diat \u00e0 une demande de commentaire.\n<\/p>\n<p>\n Dans sa directive, Carsten Breuer \u00e9rige en priorit\u00e9 l&rsquo;achat en armement, faisant \u00e9cho aux objectifs de l&rsquo;Otan, et demande \u00e0 ce que l&rsquo;arm\u00e9e allemande renforce sa d\u00e9fense a\u00e9rienne, notamment pour l&rsquo;interception de drones.\n<\/p>\n<p>\n (Reportage de Sabine Siebold; version fran\u00e7aise Zhifan Liu)<\/p>\n","protected":false},"excerpt":{"rendered":"FILE PHOTO: Quadriga 2024 NATO military exercise in Pabrade Le chef d&rsquo;\u00e9tat-major des arm\u00e9es, Carsten Breuer, a demand\u00e9&hellip;\n","protected":false},"author":2,"featured_media":127897,"comment_status":"","ping_status":"","sticky":false,"template":"","format":"standard","meta":{"footnotes":""},"categories":[1587],"tags":[400,11,672,398,408,1804,405,1805,1803,1777,674,1801,403,402,399,404,12,1802,401,406,407],"class_list":{"0":"post-127896","1":"post","2":"type-post","3":"status-publish","4":"format-standard","5":"has-post-thumbnail","7":"category-allemagne","8":"tag-action-cac-40","9":"tag-actualites","10":"tag-allemagne","11":"tag-bourse-de-paris","12":"tag-boursorama","13":"tag-bundesrepublik-deutschland","14":"tag-cotations","15":"tag-de","16":"tag-deutschland","17":"tag-eu","18":"tag-europe","19":"tag-germany","20":"tag-indices-devises","21":"tag-investir","22":"tag-investissement","23":"tag-marche-boursier","24":"tag-news","25":"tag-republique-federale-dallemagne","26":"tag-sicav","27":"tag-trackers","28":"tag-warrants"},"share_on_mastodon":{"url":"https:\/\/pubeurope.com\/@fr\/114570768166808001","error":""},"_links":{"self":[{"href":"https:\/\/www.europesays.com\/fr\/wp-json\/wp\/v2\/posts\/127896","targetHints":{"allow":["GET"]}}],"collection":[{"href":"https:\/\/www.europesays.com\/fr\/wp-json\/wp\/v2\/posts"}],"about":[{"href":"https:\/\/www.europesays.com\/fr\/wp-json\/wp\/v2\/types\/post"}],"author":[{"embeddable":true,"href":"https:\/\/www.europesays.com\/fr\/wp-json\/wp\/v2\/users\/2"}],"replies":[{"embeddable":true,"href":"https:\/\/www.europesays.com\/fr\/wp-json\/wp\/v2\/comments?post=127896"}],"version-history":[{"count":0,"href":"https:\/\/www.europesays.com\/fr\/wp-json\/wp\/v2\/posts\/127896\/revisions"}],"wp:featuredmedia":[{"embeddable":true,"href":"https:\/\/www.europesays.com\/fr\/wp-json\/wp\/v2\/media\/127897"}],"wp:attachment":[{"href":"https:\/\/www.europesays.com\/fr\/wp-json\/wp\/v2\/media?parent=127896"}],"wp:term":[{"taxonomy":"category","embeddable":true,"href":"https:\/\/www.europesays.com\/fr\/wp-json\/wp\/v2\/categories?post=127896"},{"taxonomy":"post_tag","embeddable":true,"href":"https:\/\/www.europesays.com\/fr\/wp-json\/wp\/v2\/tags?post=127896"}],"curies":[{"name":"wp","href":"https:\/\/api.w.org\/{rel}","templated":true}]}}