{"id":127908,"date":"2025-05-25T22:17:15","date_gmt":"2025-05-25T22:17:15","guid":{"rendered":"https:\/\/www.europesays.com\/fr\/127908\/"},"modified":"2025-05-25T22:17:15","modified_gmt":"2025-05-25T22:17:15","slug":"40-joueurs-en-lice-pour-les-20-ans-du-golf-a-carhaix","status":"publish","type":"post","link":"https:\/\/www.europesays.com\/fr\/127908\/","title":{"rendered":"40 joueurs en lice pour les 20 ans du golf, \u00e0 Carhaix"},"content":{"rendered":"<p>En marge de l\u2019inauguration du nouveau parcours du golf de la vall\u00e9e de l\u2019Hy\u00e8res, une comp\u00e9tition disput\u00e9e selon la formule scramble s\u2019est d\u00e9roul\u00e9e le samedi 17 mai 2025. Cette comp\u00e9tition a accueilli quarante joueurs r\u00e9partis en dix \u00e9quipes. Un record de participation\u00a0! L\u2019\u00e9quipe de Michel Hellequin, capitaine des jeux, dans laquelle on trouvait Bernard Pioch, Florian Bourhis et Geoffrey Bourhis s\u2019est impos\u00e9e devant celle d\u2019Erwan Brot, greenkeeper du golf, de Pierre Prigent, Lyonnel Boutroue et Jordan Le Faou. Alexandre Cosp\u00e9rec, Cl\u00e9ment Le Poulchasse, S\u00e9bastien Jaffr\u00e9 et Eloann Jaffr\u00e9, tout juste 10 ans et graine de champion de l\u2019\u00e9cole de golf, ont termin\u00e9 \u00e0 la 3e place.<\/p>\n","protected":false},"excerpt":{"rendered":"En marge de l\u2019inauguration du nouveau parcours du golf de la vall\u00e9e de l\u2019Hy\u00e8res, une comp\u00e9tition disput\u00e9e selon&hellip;\n","protected":false},"author":2,"featured_media":127909,"comment_status":"","ping_status":"","sticky":false,"template":"","format":"standard","meta":{"footnotes":""},"categories":[1418],"tags":[5934,1011,27,1472,60],"class_list":{"0":"post-127908","1":"post","2":"type-post","3":"status-publish","4":"format-standard","5":"has-post-thumbnail","7":"category-golf","8":"tag-carhaix-plouguer","9":"tag-fr","10":"tag-france","11":"tag-golf","12":"tag-sports"},"share_on_mastodon":{"url":"https:\/\/pubeurope.com\/@fr\/114570791687973711","error":""},"_links":{"self":[{"href":"https:\/\/www.europesays.com\/fr\/wp-json\/wp\/v2\/posts\/127908","targetHints":{"allow":["GET"]}}],"collection":[{"href":"https:\/\/www.europesays.com\/fr\/wp-json\/wp\/v2\/posts"}],"about":[{"href":"https:\/\/www.europesays.com\/fr\/wp-json\/wp\/v2\/types\/post"}],"author":[{"embeddable":true,"href":"https:\/\/www.europesays.com\/fr\/wp-json\/wp\/v2\/users\/2"}],"replies":[{"embeddable":true,"href":"https:\/\/www.europesays.com\/fr\/wp-json\/wp\/v2\/comments?post=127908"}],"version-history":[{"count":0,"href":"https:\/\/www.europesays.com\/fr\/wp-json\/wp\/v2\/posts\/127908\/revisions"}],"wp:featuredmedia":[{"embeddable":true,"href":"https:\/\/www.europesays.com\/fr\/wp-json\/wp\/v2\/media\/127909"}],"wp:attachment":[{"href":"https:\/\/www.europesays.com\/fr\/wp-json\/wp\/v2\/media?parent=127908"}],"wp:term":[{"taxonomy":"category","embeddable":true,"href":"https:\/\/www.europesays.com\/fr\/wp-json\/wp\/v2\/categories?post=127908"},{"taxonomy":"post_tag","embeddable":true,"href":"https:\/\/www.europesays.com\/fr\/wp-json\/wp\/v2\/tags?post=127908"}],"curies":[{"name":"wp","href":"https:\/\/api.w.org\/{rel}","templated":true}]}}