{"id":12791,"date":"2025-04-09T14:04:31","date_gmt":"2025-04-09T14:04:31","guid":{"rendered":"https:\/\/www.europesays.com\/fr\/12791\/"},"modified":"2025-04-09T14:04:31","modified_gmt":"2025-04-09T14:04:31","slug":"la-star-du-rock-marilyn-monson-chantera-au-zenith-en-2025","status":"publish","type":"post","link":"https:\/\/www.europesays.com\/fr\/12791\/","title":{"rendered":"la star du rock Marilyn Monson chantera au Z\u00e9nith en 2025"},"content":{"rendered":"<p>L\u2019ic\u00f4ne l\u00e9gendaire du rock fait son retour sur sc\u00e8ne. Lors de la tourn\u00e9e One Assassination Under God Tour, <strong>le chanteur Marilyn Manson<\/strong> fera plusieurs dates en Europe \u00e0 partir de l\u2019automne 2025, dont trois en France.<\/p>\n<p class=\" wall-content\"><a href=\"https:\/\/www.instagram.com\/p\/DH6BUTVOXY1\/embed\" title=\"Ouvrir le lien sur Instagram\" target=\"_blank\" rel=\"noopener\">Visualiser le contenu sur Instagram<\/a><\/p>\n<p>Un concert \u00e0 Nantes<\/p>\n<p class=\" wall-content\">Le rockeur sera en concert sur la sc\u00e8ne du <a href=\"https:\/\/actu.fr\/tag\/zenith-nantes-metropole\" target=\"_blank\" rel=\"noopener\">Z\u00e9nith de Nantes<\/a>,<strong> le dimanche 9\u00a0novembre \u00e0 19h<\/strong>. Artiste provocateur, l\u2019Am\u00e9ricain se produira \u00e9galement \u00e0 <a href=\"https:\/\/actu.fr\/paris\/\" target=\"_blank\" rel=\"noopener\">Paris<\/a> le 11\u00a0novembre et \u00e0 <a href=\"https:\/\/actu.fr\/grenoble\/\" target=\"_blank\" rel=\"noopener\">Grenoble<\/a> le 23\u00a0novembre.<\/p>\n<p>    <a href=\"https:\/\/www.facebook.com\/plugins\/post.php?href=https%3A%2F%2Fwww.facebook.com%2Fzenithnantesmetropole%2Fposts%2Fpfbid02ziq8mEGcUoDtfDPWvJ3yUkb9pwDX6tVuKs53DFmWQY3e6ftcRWb1inGbMeFcPR2Bl&amp;show_text=true&amp;width=350\" title=\"Ouvrie le lien\" target=\"_blank\" rel=\"noopener\">Cliquez ici pour visualiser le contenu<\/a><\/p>\n<p class=\" wall-content\">Pour le concert au Z\u00e9nith de Nantes, la <strong>billetterie<\/strong> est ouverte depuis le 4\u00a0avril, <a href=\"https:\/\/www.ticketmaster.fr\/fr\/manifestation\/marilyn-manson-billet\/idmanif\/618965\/idtier\/5689485\" target=\"_blank\" rel=\"noopener\">il reste encore quelques tickets<\/a>.<\/p>\n<p class=\" wall-content\">Suivez toute l\u2019actualit\u00e9 de vos villes et m\u00e9dias favoris en vous inscrivant \u00e0 <a href=\"https:\/\/moncompte.actu.fr\" title=\"D\u00e9couvez Mon Actu\" rel=\"nofollow noopener\" data-trk=\"{&quot;cta&quot;:{&quot;action&quot;:&quot;https:\\\/\\\/moncompte.actu.fr&quot;,&quot;category&quot;:&quot;mon compte&quot;,&quot;from&quot;:&quot;article footer&quot;,&quot;name&quot;:&quot;Mon actu&quot;,&quot;type&quot;:&quot;cta&quot;}}\" target=\"_blank\">Mon Actu<\/a>.<\/p>\n<p>                    <script async src=\"\/\/www.instagram.com\/embed.js\"><\/script><\/p>\n","protected":false},"excerpt":{"rendered":"L\u2019ic\u00f4ne l\u00e9gendaire du rock fait son retour sur sc\u00e8ne. Lors de la tourn\u00e9e One Assassination Under God Tour,&hellip;\n","protected":false},"author":2,"featured_media":12792,"comment_status":"","ping_status":"","sticky":false,"template":"","format":"standard","meta":{"footnotes":""},"categories":[2818],"tags":[1111,11,1697,1777,674,1011,27,1652,766,12,2636,25,5849],"class_list":{"0":"post-12791","1":"post","2":"type-post","3":"status-publish","4":"format-standard","5":"has-post-thumbnail","7":"category-nantes","8":"tag-actu","9":"tag-actualites","10":"tag-concert","11":"tag-eu","12":"tag-europe","13":"tag-fr","14":"tag-france","15":"tag-loisirs-culture","16":"tag-nantes","17":"tag-news","18":"tag-pays-de-la-loire","19":"tag-republique-francaise","20":"tag-zenith-nantes-metropole"},"share_on_mastodon":{"url":"https:\/\/pubeurope.com\/@fr\/114308387018802086","error":""},"_links":{"self":[{"href":"https:\/\/www.europesays.com\/fr\/wp-json\/wp\/v2\/posts\/12791","targetHints":{"allow":["GET"]}}],"collection":[{"href":"https:\/\/www.europesays.com\/fr\/wp-json\/wp\/v2\/posts"}],"about":[{"href":"https:\/\/www.europesays.com\/fr\/wp-json\/wp\/v2\/types\/post"}],"author":[{"embeddable":true,"href":"https:\/\/www.europesays.com\/fr\/wp-json\/wp\/v2\/users\/2"}],"replies":[{"embeddable":true,"href":"https:\/\/www.europesays.com\/fr\/wp-json\/wp\/v2\/comments?post=12791"}],"version-history":[{"count":0,"href":"https:\/\/www.europesays.com\/fr\/wp-json\/wp\/v2\/posts\/12791\/revisions"}],"wp:featuredmedia":[{"embeddable":true,"href":"https:\/\/www.europesays.com\/fr\/wp-json\/wp\/v2\/media\/12792"}],"wp:attachment":[{"href":"https:\/\/www.europesays.com\/fr\/wp-json\/wp\/v2\/media?parent=12791"}],"wp:term":[{"taxonomy":"category","embeddable":true,"href":"https:\/\/www.europesays.com\/fr\/wp-json\/wp\/v2\/categories?post=12791"},{"taxonomy":"post_tag","embeddable":true,"href":"https:\/\/www.europesays.com\/fr\/wp-json\/wp\/v2\/tags?post=12791"}],"curies":[{"name":"wp","href":"https:\/\/api.w.org\/{rel}","templated":true}]}}