{"id":127918,"date":"2025-05-25T22:24:09","date_gmt":"2025-05-25T22:24:09","guid":{"rendered":"https:\/\/www.europesays.com\/fr\/127918\/"},"modified":"2025-05-25T22:24:09","modified_gmt":"2025-05-25T22:24:09","slug":"cyclisme-ronde-de-lisard-triple-francais-sur-la-5e-etape-jarno-widar-sacre","status":"publish","type":"post","link":"https:\/\/www.europesays.com\/fr\/127918\/","title":{"rendered":"Cyclisme. Ronde de l&rsquo;Isard &#8211; Tripl\u00e9 Fran\u00e7ais sur la 5e \u00e9tape, Jarno Widar sacr\u00e9"},"content":{"rendered":"<p><strong>Jarno Widar<\/strong> a d\u00e9croch\u00e9 ce dimanche la victoire finale sur la <strong><a href=\"https:\/\/www.cyclismactu.net\/..\/news-ronde-de-isard-route-juan-felipe-rodriguez-4e-etape-sommet-widar-assure-88025.html\" target=\"_blank\" rel=\"noopener\">Ronde\u00a0de l\u2019Isard<\/a><\/strong>, course par \u00e9tapes r\u00e9put\u00e9e chez les espoirs. Le jeune prodige de l\u2019\u00e9quipe de d\u00e9veloppement <strong>Lotto<\/strong> a ma\u00eetris\u00e9 la derni\u00e8re \u00e9tape vers Saint-Girons, conservant sans trembler son maillot de leader. Il succ\u00e8de ainsi \u00e0 d\u2019anciens vainqueurs prestigieux de l\u2019\u00e9preuve, comme <strong>Denis Menchov <\/strong>ou<strong> Pavel Sivakov.\u00a0<\/strong><\/p>\n<p>Vid\u00e9o &#8211; Jarno Widar a parfaitement g\u00e9r\u00e9 sa semaine Lire la suite de l&rsquo;article&#13;<\/p>\n<p>\u00a0<\/p>\n<p>&#13;<br \/>\nTripl\u00e9 Fran\u00e7ais sur la derni\u00e8re \u00e9tape&#13;<\/p>\n<p>Ce dimanche, trois Fran\u00e7ais se sont disput\u00e9 la victoire sur la derni\u00e8re \u00e9tape de la semaine. <strong>Victor Jean<\/strong> (<strong>CC \u00c9tupes<\/strong>) s\u2019est impos\u00e9 \u00e0 Saint-Girons, devan\u00e7ant <strong>Yoan Morin<\/strong> (Bourg-en-Bresse Ain Cyclisme) et <strong>Cl\u00e9ment Sanchez<\/strong> (Vend\u00e9e U Pays de la Loire). Le maillot jaune <strong>Jarno Widar<\/strong> a termin\u00e9 dans le peloton, 19 secondes plus tard, assurant ainsi sa victoire finale. Au classement g\u00e9n\u00e9ral, le Belge devance de justesse <strong>Liam O\u2019Brien<\/strong> (Lidl-Trek Future Racing) pour sept secondes. Le Colombien <strong>Juan Felipe Rodriguez <\/strong>(Team Sistecredito) compl\u00e8te le podium.<\/p>\n","protected":false},"excerpt":{"rendered":"Jarno Widar a d\u00e9croch\u00e9 ce dimanche la victoire finale sur la Ronde\u00a0de l\u2019Isard, course par \u00e9tapes r\u00e9put\u00e9e chez&hellip;\n","protected":false},"author":2,"featured_media":127919,"comment_status":"","ping_status":"","sticky":false,"template":"","format":"standard","meta":{"footnotes":""},"categories":[1411],"tags":[1154,207,1011,27,25147,209,60,208],"class_list":{"0":"post-127918","1":"post","2":"type-post","3":"status-publish","4":"format-standard","5":"has-post-thumbnail","7":"category-cyclisme","8":"tag-cycling","9":"tag-cyclisme","10":"tag-fr","11":"tag-france","12":"tag-ronde-de-l","13":"tag-route","14":"tag-sports","15":"tag-velo"},"share_on_mastodon":{"url":"https:\/\/pubeurope.com\/@fr\/114570819276068535","error":""},"_links":{"self":[{"href":"https:\/\/www.europesays.com\/fr\/wp-json\/wp\/v2\/posts\/127918","targetHints":{"allow":["GET"]}}],"collection":[{"href":"https:\/\/www.europesays.com\/fr\/wp-json\/wp\/v2\/posts"}],"about":[{"href":"https:\/\/www.europesays.com\/fr\/wp-json\/wp\/v2\/types\/post"}],"author":[{"embeddable":true,"href":"https:\/\/www.europesays.com\/fr\/wp-json\/wp\/v2\/users\/2"}],"replies":[{"embeddable":true,"href":"https:\/\/www.europesays.com\/fr\/wp-json\/wp\/v2\/comments?post=127918"}],"version-history":[{"count":0,"href":"https:\/\/www.europesays.com\/fr\/wp-json\/wp\/v2\/posts\/127918\/revisions"}],"wp:featuredmedia":[{"embeddable":true,"href":"https:\/\/www.europesays.com\/fr\/wp-json\/wp\/v2\/media\/127919"}],"wp:attachment":[{"href":"https:\/\/www.europesays.com\/fr\/wp-json\/wp\/v2\/media?parent=127918"}],"wp:term":[{"taxonomy":"category","embeddable":true,"href":"https:\/\/www.europesays.com\/fr\/wp-json\/wp\/v2\/categories?post=127918"},{"taxonomy":"post_tag","embeddable":true,"href":"https:\/\/www.europesays.com\/fr\/wp-json\/wp\/v2\/tags?post=127918"}],"curies":[{"name":"wp","href":"https:\/\/api.w.org\/{rel}","templated":true}]}}