{"id":127928,"date":"2025-05-25T22:29:08","date_gmt":"2025-05-25T22:29:08","guid":{"rendered":"https:\/\/www.europesays.com\/fr\/127928\/"},"modified":"2025-05-25T22:29:08","modified_gmt":"2025-05-25T22:29:08","slug":"camera-cafe-22-ans-apres-un-comedien-emblematique-balance-une-sequence-jamais-vue","status":"publish","type":"post","link":"https:\/\/www.europesays.com\/fr\/127928\/","title":{"rendered":"Cam\u00e9ra Caf\u00e9 : 22 ans apr\u00e8s, un com\u00e9dien embl\u00e9matique balance une s\u00e9quence jamais vue"},"content":{"rendered":"<p>Attention, nostalgie en approche ! Vingt-deux ans apr\u00e8s le lancement de la s\u00e9rie culte Cam\u00e9ra Caf\u00e9 sur M6, un ancien com\u00e9dien embl\u00e9matique vient de lever le voile <strong>sur une s\u00e9quence jamais diffus\u00e9e\u2026<\/strong> Et c\u2019est tout un pan des coulisses de la s\u00e9rie que l\u2019on red\u00e9couvre avec un grand sourire. La magie op\u00e8re toujours ! Pour ceux qui auraient oubli\u00e9 ou qui n\u2019\u00e9taient pas n\u00e9s \u00e0 l\u2019\u00e9poque, Cam\u00e9ra Caf\u00e9 <strong>c\u2019\u00e9tait la s\u00e9rie culte des ann\u00e9es 2000.<\/strong><\/p>\n<p>Diffus\u00e9e de 2001 \u00e0 2004 sur M6, <strong>elle racontait la vie (et surtout les gal\u00e8res)<\/strong> d\u2019une bande de coll\u00e8gues dans une entreprise\u2026 \u00e0 travers l\u2019objectif d\u2019une machine \u00e0 caf\u00e9 ! Oui, oui, la cam\u00e9ra \u00e9tait planqu\u00e9e DANS la machine. Chaque sc\u00e8ne durait \u00e0 peine trois minutes, mais c\u2019\u00e9tait toujours <strong>dr\u00f4le, piquant, parfois absurde. <\/strong>Bref, un bijou.<\/p>\n<p>Cam\u00e9ra Caf\u00e9 : quand une machine filmait tous les drames (et les potins) du bureau !<\/p>\n<p>On y voyait tout passer : les embrouilles entre coll\u00e8gues, les coups de gueule, les drames de bureau, les histoires de c\u0153ur\u2026 <strong>Un vrai miroir (un peu tordu) du monde du travail<\/strong> \u00e0 l\u2019\u00e9poque. Impossible d\u2019oublier Jean-Claude Convenant (Yvan Le Bolloc\u2019h), le commercial grande gueule \u00e0 la chemise ouverte, ni Herv\u00e9 Dumont (Bruno Solo), son coll\u00e8gue stress\u00e9 et souvent victime. D\u2019ailleurs, Bruno Solo a confi\u00e9 il y a quelques mois <a href=\"https:\/\/www.public.fr\/comme-mon-frere-mais-ce-qui-derange-bruno-solo-chez-son-acolyte-de-camera-cafe-yvan-le-bolloch\" rel=\"nofollow noopener\" target=\"_blank\">les d\u00e9saccords qu\u2019il avait avec Yvan Le Bolloc\u2019h.<\/a><\/p>\n<p>Il y avait aussi Ma\u00e9va, la DRH perch\u00e9e jou\u00e9e par Armelle, ou encore Nathalie, toujours bien rang\u00e9e, incarn\u00e9e par Shirley Bousquet. Gr\u00e2ce \u00e0 son format original et son humour grin\u00e7ant, <strong>la s\u00e9rie a cartonn\u00e9. <\/strong>Plus de 500 \u00e9pisodes, deux films au cin\u00e9ma, une version dans 25 pays, et m\u00eame un \u00e9pisode sp\u00e9cial diffus\u00e9 en 2022 pour les 20 ans.<\/p>\n<p>22 ans apr\u00e8s, l\u2019\u00e9motion ressurgit dans une vid\u00e9o inattendue<\/p>\n<p>Et voil\u00e0 qu\u2019en 2025, Philippe Cura, qui jouait Andr\u00e9 Markowicz, poste <strong>une vid\u00e9o des coulisses de la s\u00e9rie.<\/strong> Dans cette s\u00e9quence jamais diffus\u00e9e, on d\u00e9couvre enfin le fameux dispositif derri\u00e8re la machine \u00e0 caf\u00e9. Install\u00e9e dans un syst\u00e8me assez ing\u00e9nieux, la machine \u00e9tait en r\u00e9alit\u00e9 <strong>une fa\u00e7ade trafiqu\u00e9e <\/strong>o\u00f9 les com\u00e9diens ins\u00e9raient une fausse pi\u00e8ce, le tout donnant l\u2019illusion d\u2019une vraie pause caf\u00e9.<\/p>\n<p>Dans la vid\u00e9o, on aper\u00e7oit Armelle, inoubliable interpr\u00e8te de Ma\u00e9va, <strong>faire une d\u00e9monstration tr\u00e8s en forme.<\/strong> Puis, moment tendresse, Philippe Cura l\u2019interroge : \u00ab Aurais-tu un souvenir qui te toucherait le plus sur cette exp\u00e9rience au sein de Cam\u00e9ra Caf\u00e9 ? \u00bb, lui demande-t-il. Et l\u00e0, r\u00e9ponse toute en myst\u00e8re : <strong>\u00ab Un fr\u00f4lement de main\u2026 un regard\u2026 \u00bb.<\/strong> De quoi piquer notre curiosit\u00e9.<\/p>\n<p>Cam\u00e9ra Caf\u00e9 : apr\u00e8s la s\u00e9quence in\u00e9dite, un retour de la s\u00e9rie ?<\/p>\n<p>Et aujourd\u2019hui, que sont devenus les acteurs ? Depuis l\u2019arr\u00eat de la s\u00e9rie, chacun a suivi son chemin. Bruno Solo a continu\u00e9 \u00e0 jouer au cin\u00e9ma, \u00e0 la t\u00e9l\u00e9, au th\u00e9\u00e2tre. D\u2019ailleurs, <a href=\"https:\/\/www.public.fr\/bruno-solo-plus-de-20-ans-apres-camera-cafe-m6-lui-offre-un-nouveau-job\" rel=\"nofollow noopener\" target=\"_blank\">on le retrouvera bient\u00f4t dans une s\u00e9rie sur M6.<\/a> Il est aussi devenu producteur. Toujours attach\u00e9 \u00e0 Cam\u00e9ra Caf\u00e9, il a pourtant d\u00e9clar\u00e9 r\u00e9cemment : <strong>\u00ab On a tourn\u00e9 la page avec tendresse. \u00bb.<\/strong> Yvan Le Bolloc\u2019h, lui, s\u2019est tourn\u00e9 vers la musique flamenco avec son groupe Ma guitare s\u2019appelle revient. Il est aussi tr\u00e8s engag\u00e9 sur les sujets de soci\u00e9t\u00e9. C\u00f4t\u00e9 t\u00e9l\u00e9, il se fait plus discret, mais reste une figure connue du public.<\/p>\n<p>Shirley Bousquet (Nathalie) est toujours bien pr\u00e9sente \u00e0 l\u2019\u00e9cran. On l\u2019a vue dans Clem, Camping Paradis, Les Profs\u2026 Elle continue aussi le th\u00e9\u00e2tre. Et elle n\u2019a jamais coup\u00e9 les ponts avec ses anciens coll\u00e8gues. Quant \u00e0 Armelle, elle reste <strong>fid\u00e8le \u00e0 son style unique qui lui va si bien. <\/strong>Entre r\u00f4les comiques et apparitions plus s\u00e9rieuses (dans Capitaine Marleau ou Plus belle la vie), elle assume son c\u00f4t\u00e9 \u00e0 part. Alors, un retour de la s\u00e9rie est-il possible ? Difficile \u00e0 dire. Mais cette petite s\u00e9quence nous donne un petit coup de nostalgie. La preuve que Cam\u00e9ra Caf\u00e9, c\u2019est comme un bon caf\u00e9 entre coll\u00e8gues, <strong>\u00e7a fait toujours du bien,<\/strong> m\u00eame des ann\u00e9es apr\u00e8s.<\/p>\n<p>      Mentionn\u00e9s dans cet article<\/p>\n<p>\u00c0 lire aussi<\/p>\n","protected":false},"excerpt":{"rendered":"Attention, nostalgie en approche ! Vingt-deux ans apr\u00e8s le lancement de la s\u00e9rie culte Cam\u00e9ra Caf\u00e9 sur M6,&hellip;\n","protected":false},"author":2,"featured_media":127929,"comment_status":"","ping_status":"","sticky":false,"template":"","format":"standard","meta":{"footnotes":""},"categories":[1356],"tags":[25148,58,59,1011,27,252,1364],"class_list":{"0":"post-127928","1":"post","2":"type-post","3":"status-publish","4":"format-standard","5":"has-post-thumbnail","7":"category-television","8":"tag-camera-cafe","9":"tag-divertissement","10":"tag-entertainment","11":"tag-fr","12":"tag-france","13":"tag-television","14":"tag-tv"},"share_on_mastodon":{"url":"https:\/\/pubeurope.com\/@fr\/114570839047724985","error":""},"_links":{"self":[{"href":"https:\/\/www.europesays.com\/fr\/wp-json\/wp\/v2\/posts\/127928","targetHints":{"allow":["GET"]}}],"collection":[{"href":"https:\/\/www.europesays.com\/fr\/wp-json\/wp\/v2\/posts"}],"about":[{"href":"https:\/\/www.europesays.com\/fr\/wp-json\/wp\/v2\/types\/post"}],"author":[{"embeddable":true,"href":"https:\/\/www.europesays.com\/fr\/wp-json\/wp\/v2\/users\/2"}],"replies":[{"embeddable":true,"href":"https:\/\/www.europesays.com\/fr\/wp-json\/wp\/v2\/comments?post=127928"}],"version-history":[{"count":0,"href":"https:\/\/www.europesays.com\/fr\/wp-json\/wp\/v2\/posts\/127928\/revisions"}],"wp:featuredmedia":[{"embeddable":true,"href":"https:\/\/www.europesays.com\/fr\/wp-json\/wp\/v2\/media\/127929"}],"wp:attachment":[{"href":"https:\/\/www.europesays.com\/fr\/wp-json\/wp\/v2\/media?parent=127928"}],"wp:term":[{"taxonomy":"category","embeddable":true,"href":"https:\/\/www.europesays.com\/fr\/wp-json\/wp\/v2\/categories?post=127928"},{"taxonomy":"post_tag","embeddable":true,"href":"https:\/\/www.europesays.com\/fr\/wp-json\/wp\/v2\/tags?post=127928"}],"curies":[{"name":"wp","href":"https:\/\/api.w.org\/{rel}","templated":true}]}}