{"id":127936,"date":"2025-05-25T22:34:09","date_gmt":"2025-05-25T22:34:09","guid":{"rendered":"https:\/\/www.europesays.com\/fr\/127936\/"},"modified":"2025-05-25T22:34:09","modified_gmt":"2025-05-25T22:34:09","slug":"alain-delon-que-devient-hiromi-rollin-les-dernieres-nouvelles-ne-sont-pas-bonnes-du-tout","status":"publish","type":"post","link":"https:\/\/www.europesays.com\/fr\/127936\/","title":{"rendered":"Alain Delon : que devient Hiromi Rollin ? Les derni\u00e8res nouvelles ne sont pas bonnes du tout"},"content":{"rendered":"<p data-start=\"293\" data-end=\"909\">Longtemps rest\u00e9e dans<br \/>\n<strong>l\u2019ombre<\/strong> d\u2019Alain Delon, <a href=\"https:\/\/www.closermag.fr\/people\/anouchka-delon-volte-face-vis-a-vis-dhiromi-rollin-apres-lexpulsion-a-douchy-3548014\" target=\"_blank\" rel=\"noopener\"><br \/>\nHiromi Rollin<\/a> a vu sa vie basculer \u00e0 l\u2019\u00e9t\u00e9 2023. Alain Delon<br \/>\ndisait quelques ann\u00e9es plus t\u00f4t que c\u2019\u00e9tait \u00a0<strong>\u201csa<br \/>\ncompagne japonaise\u2019\u2019<\/strong> dans Paris Match.<\/p>\n<p data-start=\"293\" data-end=\"909\">Mais ensuite, elle s\u2019est<br \/>\nretrouv\u00e9e <strong>accus\u00e9e<\/strong> par Anthony, Anouchka et<br \/>\n<a href=\"https:\/\/www.closermag.fr\/people\/hiromi-rollin-trompee-par-alain-delon-anouchka-et-alain-fabien-nes-alors-quils-etaient-en-couple-une-douleur-terrible-3547618\" target=\"_blank\" rel=\"noopener\"><br \/>\nAlain-Fabien Delon<\/a> de <strong>harc\u00e8lement moral, d\u00e9tournement<br \/>\nde correspondances, violence sur personne vuln\u00e9rable, abus de<br \/>\nfaiblesse et maltraitance animale<\/strong>. \u201cElle a \u00e9t\u00e9<br \/>\n<strong>expuls\u00e9e<\/strong> de la demeure de Douchy et ne sera<br \/>\n<strong>jamais autoris\u00e9e \u00e0 revoir Alain Delon<\/strong> malgr\u00e9<br \/>\n<strong>ses nombreuses demandes et ses appels au<br \/>\nsecours<\/strong>.\u2019\u2019 pr\u00e9cise le livre Les derniers jours du Samoura\u00ef, publi\u00e9 le 22<br \/>\nmai.<\/p>\n<p>\u201cElle est bris\u00e9e\u2019\u2019 :<br \/>\nHiromi Rollin vit aujourd\u2019hui dans la d\u00e9tresse apr\u00e8s le d\u00e9c\u00e8s<br \/>\nd\u2019Alain Delon<\/p>\n<p data-start=\"1390\" data-end=\"1849\">Dans Point de Vue, Laurence Pieau, co-autrice du<br \/>\nlivre, r\u00e9v\u00e8le que la Japonaise traverse une p\u00e9riode extr\u00eamement<br \/>\ndifficile. \u201c<strong>Elle est bris\u00e9e.<\/strong>\u2019\u2019 confie la<br \/>\njournaliste. \u201c\u00c7a a \u00e9t\u00e9 assez <strong>difficile<\/strong><br \/>\nd\u2019obtenir son t\u00e9moignage. Pour elle, c\u2019est extr\u00eamement<br \/>\n<strong>douloureux de revivre tout<br \/>\n\u00e7a<\/strong><strong>.\u2019<\/strong>\u2019 Vivant d\u00e9sormais avec une<br \/>\npension de <strong>1\u202f200 euros<\/strong> par mois, Hiromi Rollin se<br \/>\nbat contre le <strong>vide<\/strong> laiss\u00e9 par <a href=\"https:\/\/www.closermag.fr\/people\/coups-de-pied-etranglement-menace-avec-arme-alain-delon-extremement-violent-avec-hiromi-rollin-3547525\" target=\"_blank\" rel=\"noopener\"><br \/>\nAlain Delon<\/a> et l\u2019humiliation publique de son \u00e9viction.<\/p>\n<p data-start=\"1851\" data-end=\"2276\">\u201c<strong>Elle a le<br \/>\nsentiment de ne pas avoir \u00e9t\u00e9 entendue.<\/strong>\u2019\u2019 poursuit<br \/>\nl\u2019autrice. \u201cElle est \u00e0 la fois <strong>choqu\u00e9e<\/strong> de la<br \/>\nfa\u00e7on dont son <strong>\u00e9viction<\/strong> s\u2019est produite, et<br \/>\n<strong>attrist\u00e9e<\/strong> parce qu\u2019elle a <strong>perdu l\u2019amour de<br \/>\nsa vie.<\/strong>\u2019\u2019<\/p>\n<p>\u201cC\u2019\u00e9tait la compagne de mon p\u00e8re. Point\u2019\u2019 : le mea culpa<br \/>\nd\u2019Alain-Fabien Delon apr\u00e8s les drames<\/p>\n<p data-start=\"2368\" data-end=\"2850\">Depuis cette affaire, le clan<br \/>\nDelon se montrait jusqu\u2019ici <strong>uni dans sa condamnation<br \/>\nd\u2019Hiromi Rollin.<\/strong> Mais le plus jeune fils de l\u2019acteur a<br \/>\nr\u00e9cemment pris la parole pour r\u00e9tablir une forme de<br \/>\n<strong>v\u00e9rit\u00e9<\/strong>. \u201c<strong>C\u2019\u00e9tait la compagne de mon<br \/>\np\u00e8re. Point.<\/strong>\u2019\u2019 affirme Alain-Fabien, brisant le<br \/>\ndiscours officiel. \u201c<strong>Anthony, avec son esp\u00e8ce d\u2019ego<br \/>\nd\u00e9mesur\u00e9,<\/strong> ne pas vouloir juste <strong>assumer le fait que<br \/>\nnotre p\u00e8re avait une autre femme\u2026<\/strong>\u2019\u2019<\/p>\n<p data-start=\"3225\" data-end=\"3585\"><strong>Priv\u00e9e de<br \/>\nreconnaissance, rejet\u00e9e sans m\u00e9nagement<\/strong> par ceux qu\u2019elle<br \/>\nc\u00f4toyait depuis des ann\u00e9es, Hiromi Rollin tente tant bien que mal<br \/>\nde se reconstruire. \u201cElle est tr\u00e8s <strong>triste de ne pas<br \/>\navoir pu dire au revoir \u00e0 Alain Delon.<\/strong>\u2019\u2019 confie<br \/>\nencore Laurence Pieau. La fin de son histoire avec Alain Delon est<br \/>\nbien triste pour Hiromi Rollin.<\/p>\n","protected":false},"excerpt":{"rendered":"Longtemps rest\u00e9e dans l\u2019ombre d\u2019Alain Delon, Hiromi Rollin a vu sa vie basculer \u00e0 l\u2019\u00e9t\u00e9 2023. Alain Delon&hellip;\n","protected":false},"author":2,"featured_media":127937,"comment_status":"","ping_status":"","sticky":false,"template":"","format":"standard","meta":{"footnotes":""},"categories":[8],"tags":[5960,548,58,59,1011,27,23597],"class_list":{"0":"post-127936","1":"post","2":"type-post","3":"status-publish","4":"format-standard","5":"has-post-thumbnail","7":"category-divertissement","8":"tag-alain-delon","9":"tag-article-simple","10":"tag-divertissement","11":"tag-entertainment","12":"tag-fr","13":"tag-france","14":"tag-hiromi-rollin"},"share_on_mastodon":{"url":"https:\/\/pubeurope.com\/@fr\/114570858985713268","error":""},"_links":{"self":[{"href":"https:\/\/www.europesays.com\/fr\/wp-json\/wp\/v2\/posts\/127936","targetHints":{"allow":["GET"]}}],"collection":[{"href":"https:\/\/www.europesays.com\/fr\/wp-json\/wp\/v2\/posts"}],"about":[{"href":"https:\/\/www.europesays.com\/fr\/wp-json\/wp\/v2\/types\/post"}],"author":[{"embeddable":true,"href":"https:\/\/www.europesays.com\/fr\/wp-json\/wp\/v2\/users\/2"}],"replies":[{"embeddable":true,"href":"https:\/\/www.europesays.com\/fr\/wp-json\/wp\/v2\/comments?post=127936"}],"version-history":[{"count":0,"href":"https:\/\/www.europesays.com\/fr\/wp-json\/wp\/v2\/posts\/127936\/revisions"}],"wp:featuredmedia":[{"embeddable":true,"href":"https:\/\/www.europesays.com\/fr\/wp-json\/wp\/v2\/media\/127937"}],"wp:attachment":[{"href":"https:\/\/www.europesays.com\/fr\/wp-json\/wp\/v2\/media?parent=127936"}],"wp:term":[{"taxonomy":"category","embeddable":true,"href":"https:\/\/www.europesays.com\/fr\/wp-json\/wp\/v2\/categories?post=127936"},{"taxonomy":"post_tag","embeddable":true,"href":"https:\/\/www.europesays.com\/fr\/wp-json\/wp\/v2\/tags?post=127936"}],"curies":[{"name":"wp","href":"https:\/\/api.w.org\/{rel}","templated":true}]}}