{"id":127940,"date":"2025-05-25T22:36:13","date_gmt":"2025-05-25T22:36:13","guid":{"rendered":"https:\/\/www.europesays.com\/fr\/127940\/"},"modified":"2025-05-25T22:36:13","modified_gmt":"2025-05-25T22:36:13","slug":"apres-un-appel-avec-trump-von-der-leyen-souhaite-des-negociations-jusquau-9-juillet-pour-un-accord","status":"publish","type":"post","link":"https:\/\/www.europesays.com\/fr\/127940\/","title":{"rendered":"apr\u00e8s un appel avec Trump, von der Leyen souhaite des n\u00e9gociations jusqu\u2019au 9 juillet pour un accord"},"content":{"rendered":"<p>La pr\u00e9sidente de la Commission europ\u00e9enne s\u2019est entretenue avec le dirigeant am\u00e9ricain ce dimanche au sujet de la relation commerciale entre l\u2019UE et les \u00c9tats-Unis.<\/p>\n<p class=\"fig-paragraph\"><a href=\"http:\/\/www.lefigaro.fr\/flash-eco\/jd-vance-et-ursula-von-der-leyen-discutent-des-droits-de-douane-a-rome-20250518\" data-fig-type=\"NewsFlash\" data-gtm-custom-categorie=\"navigation\" data-gtm-custom-action=\"crossclick\" data-gtm-custom-label=\"Contextuel\" data-gtm-event=\"customEventSPE\" data-fig-domain=\"LEFIGARO\" target=\"_blank\" rel=\"noopener\">Ursula von der Leyen<\/a>, la pr\u00e9sidente de la Commission europ\u00e9enne, s\u2019est entretenue ce dimanche avec\u00a0<a href=\"http:\/\/www.lefigaro.fr\/conjoncture\/anne-de-guigne-pourquoi-les-droits-de-douane-de-donald-trump-risquent-d-accelerer-la-desindustrialisation-americaine-20250525\" data-fig-type=\"Article\" data-gtm-custom-categorie=\"navigation\" data-gtm-custom-action=\"crossclick\" data-gtm-custom-label=\"Contextuel\" data-gtm-event=\"customEventSPE\" data-fig-domain=\"LEFIGARO\" target=\"_blank\" rel=\"noopener\">Donald Trump<\/a>, le pr\u00e9sident des \u00c9tats-Unis, au sujet des\u00a0<a href=\"http:\/\/www.lefigaro.fr\/conjoncture\/dossier\/droits-de-douane-americains-notre-dossier-pour-tout-comprendre\" data-fig-type=\"Topic\" data-gtm-custom-categorie=\"navigation\" data-gtm-custom-action=\"crossclick\" data-gtm-custom-label=\"Contextuel\" data-gtm-event=\"customEventSPE\" data-fig-domain=\"LEFIGARO\" target=\"_blank\" rel=\"noopener\">droits de douane<\/a>. Sur X, elle a indiqu\u00e9 avoir eu un \u00abbon appel t\u00e9l\u00e9phonique\u00bb avec le dirigeant am\u00e9ricain. \u00abL\u2019UE et les \u00c9tats-Unis partagent la relation commerciale la plus importante et la plus \u00e9troite au monde\u00bb, a-t-elle \u00e9crit.<\/p>\n<p class=\"fig-paragraph\">Avant de pr\u00e9ciser qu\u2019un d\u00e9lai de n\u00e9gociations suppl\u00e9mentaire serait souhaitable. \u00abL\u2019Europe est pr\u00eate \u00e0 faire avancer les n\u00e9gociations rapidement et de mani\u00e8re d\u00e9cisive. Pour parvenir \u00e0 un bon accord, il nous faudrait du temps jusqu\u2019au 9 juillet\u00bb, a d\u00e9clar\u00e9 Ursula von der Leyen.<\/p>\n<p class=\"fig-paragraph\">Donald Trump a affirm\u00e9 vendredi qu\u2019il ne \u00abcherchait pas d\u2019accord\u00bb commercial avec l\u2019Union europ\u00e9enne et a menac\u00e9 d\u2019imposer des droits de douane de 50% sur les importations en provenance des Vingt-Sept d\u00e8s le 1er juin.<\/p>\n<p>L\u2019UE \u00abd\u00e9termin\u00e9e \u00e0 obtenir un accord qui fonctionne\u00bb<\/p>\n<p class=\"fig-paragraph\">La Commission europ\u00e9enne, qui n\u00e9gocie les accords commerciaux au nom de l\u2019UE, avait aussit\u00f4t r\u00e9agi en r\u00e9clamant du respect de la part de Washington. \u00abL\u2019UE est pleinement engag\u00e9e et d\u00e9termin\u00e9e \u00e0 obtenir un accord qui fonctionne pour les deux parties\u00bb, avait d\u00e9clar\u00e9 le commissaire au Commerce Maros Sefcovic sur X, apr\u00e8s des discussions avec le repr\u00e9sentant am\u00e9ricain au commerce Jamieson Greer et le Secr\u00e9taire au Commerce Howard Lutnick. Le commerce entre l\u2019UE et les \u00c9tats-Unis \u00abdoit \u00eatre guid\u00e9 par le respect mutuel, non par des menaces. Nous sommes pr\u00eats \u00e0 d\u00e9fendre nos int\u00e9r\u00eats\u00bb, avait-il ajout\u00e9.<\/p>\n<p class=\"fig-paragraph\">Le ministre allemand des Finances,\u00a0<a href=\"http:\/\/www.lefigaro.fr\/international\/en-allemagne-lars-klingbeil-decroche-le-puissant-ministere-des-finances-20250505\" data-fig-type=\"Article\" data-gtm-custom-categorie=\"navigation\" data-gtm-custom-action=\"crossclick\" data-gtm-custom-label=\"Contextuel\" data-gtm-event=\"customEventSPE\" data-fig-domain=\"LEFIGARO\" target=\"_blank\" rel=\"noopener\">Lars Klingbeil<\/a>, a exhort\u00e9 dimanche les \u00c9tats-Unis \u00e0 mener des \u00abn\u00e9gociations s\u00e9rieuses\u00bb. \u00abLes droits de douane am\u00e9ricains mettent en danger l\u2019\u00e9conomie am\u00e9ricaine tout autant que l\u2019\u00e9conomie allemande et europ\u00e9enne\u00bb, a affirm\u00e9 Lars Klingbeil, dans un entretien \u00e0 l\u2019\u00e9dition dominicale du quotidien Bild.<\/p>\n<p>Taxer pour 95 milliards d\u2019euros d\u2019importations am\u00e9ricaines<\/p>\n<p class=\"fig-paragraph\">L\u2019UE avait menac\u00e9 d\u00e9but mai de taxer pour 95 milliards d\u2019euros d\u2019importations am\u00e9ricaines, dont les voitures et avions, en cas d\u2019\u00e9chec des n\u00e9gociations commerciales avec Trump. La Commission avait aussi annonc\u00e9 qu\u2019elle allait saisir l\u2019Organisation mondiale du commerce (OMC) contre les mesures commerciales dont elle est victime de la part des \u00c9tats-Unis.<\/p>\n<p class=\"fig-paragraph\">Au cours des derniers mois, l\u2019Union europ\u00e9enne a \u00e9t\u00e9 frapp\u00e9e \u00e0 trois reprises par des droits de douane de l\u2019administration am\u00e9ricaine\u00a0: 25% sur l\u2019acier et l\u2019aluminium, annonc\u00e9s mi-mars, 25% sur les automobiles, puis 20% sur tous les autres produits europ\u00e9ens, en avril. Cette derni\u00e8re surtaxe a \u00e9t\u00e9 suspendue jusqu\u2019en juillet pour engager une n\u00e9gociation. Mais des droits de douane de 10% restent appliqu\u00e9s sur la plupart des biens export\u00e9s aux \u00c9tats-Unis par les Vingt-Sept.<\/p>\n<p class=\"fig-paragraph\">Donald Trump s\u2019en prend r\u00e9guli\u00e8rement \u00e0 l\u2019Europe depuis son retour \u00e0 la\u00a0<a href=\"http:\/\/www.lefigaro.fr\/international\/dossier\/sur-la-route-de-la-maison-blanche-retrouvez-tous-les-episodes\" data-fig-type=\"Topic\" data-gtm-custom-categorie=\"navigation\" data-gtm-custom-action=\"crossclick\" data-gtm-custom-label=\"Contextuel\" data-gtm-event=\"customEventSPE\" data-fig-domain=\"LEFIGARO\" target=\"_blank\" rel=\"noopener\">Maison-Blanche<\/a>, l\u2019estimant \u00abpire que la\u00a0<a href=\"http:\/\/www.lefigaro.fr\/conjoncture\/guerre-commerciale-les-etats-unis-et-la-chine-vont-suspendre-pour-90-jours-une-partie-de-leurs-droits-de-douane-punitifs-20250512\" data-fig-type=\"NewsFlash\" data-gtm-custom-categorie=\"navigation\" data-gtm-custom-action=\"crossclick\" data-gtm-custom-label=\"Contextuel\" data-gtm-event=\"customEventSPE\" data-fig-domain=\"LEFIGARO\" target=\"_blank\" rel=\"noopener\">Chine<\/a> \u00bb dans les relations commerciales. Les \u00c9tats-Unis \u00e9valuent leur d\u00e9ficit avec l\u2019UE pour les biens \u00e0 235 milliards de dollars en 2024, mais la Commission europ\u00e9enne pointe que l\u2019exc\u00e9dent am\u00e9ricain en termes de services ram\u00e8ne le d\u00e9ficit commercial \u00e0 50 milliards d\u2019euros (environ 57 milliards de dollars).<\/p>\n","protected":false},"excerpt":{"rendered":"La pr\u00e9sidente de la Commission europ\u00e9enne s\u2019est entretenue avec le dirigeant am\u00e9ricain ce dimanche au sujet de la&hellip;\n","protected":false},"author":2,"featured_media":127941,"comment_status":"","ping_status":"","sticky":false,"template":"","format":"standard","meta":{"footnotes":""},"categories":[6],"tags":[339,340,35,343,345,350,130,344,352,349,75,33,34,341,313,73,1011,27,346,342,353,351,347,348,1778,354,2544],"class_list":{"0":"post-127940","1":"post","2":"type-post","3":"status-publish","4":"format-standard","5":"has-post-thumbnail","7":"category-economie","8":"tag-actualite-economique","9":"tag-bourse","10":"tag-business","11":"tag-cac-40","12":"tag-chef-dentreprise","13":"tag-concurrence","14":"tag-consommation","15":"tag-creation-dentreprise","16":"tag-crise","17":"tag-delocalisations","18":"tag-donald-trump","19":"tag-economie","20":"tag-economy","21":"tag-emploi","22":"tag-entreprises","23":"tag-etats-unis","24":"tag-fr","25":"tag-france","26":"tag-grands-patrons","27":"tag-impots","28":"tag-licenciements","29":"tag-monopole","30":"tag-multinationales","31":"tag-privatisation","32":"tag-ue","33":"tag-unio","34":"tag-ursula-von-der-leyen"},"share_on_mastodon":{"url":"https:\/\/pubeurope.com\/@fr\/114570866420659198","error":""},"_links":{"self":[{"href":"https:\/\/www.europesays.com\/fr\/wp-json\/wp\/v2\/posts\/127940","targetHints":{"allow":["GET"]}}],"collection":[{"href":"https:\/\/www.europesays.com\/fr\/wp-json\/wp\/v2\/posts"}],"about":[{"href":"https:\/\/www.europesays.com\/fr\/wp-json\/wp\/v2\/types\/post"}],"author":[{"embeddable":true,"href":"https:\/\/www.europesays.com\/fr\/wp-json\/wp\/v2\/users\/2"}],"replies":[{"embeddable":true,"href":"https:\/\/www.europesays.com\/fr\/wp-json\/wp\/v2\/comments?post=127940"}],"version-history":[{"count":0,"href":"https:\/\/www.europesays.com\/fr\/wp-json\/wp\/v2\/posts\/127940\/revisions"}],"wp:featuredmedia":[{"embeddable":true,"href":"https:\/\/www.europesays.com\/fr\/wp-json\/wp\/v2\/media\/127941"}],"wp:attachment":[{"href":"https:\/\/www.europesays.com\/fr\/wp-json\/wp\/v2\/media?parent=127940"}],"wp:term":[{"taxonomy":"category","embeddable":true,"href":"https:\/\/www.europesays.com\/fr\/wp-json\/wp\/v2\/categories?post=127940"},{"taxonomy":"post_tag","embeddable":true,"href":"https:\/\/www.europesays.com\/fr\/wp-json\/wp\/v2\/tags?post=127940"}],"curies":[{"name":"wp","href":"https:\/\/api.w.org\/{rel}","templated":true}]}}