{"id":127942,"date":"2025-05-25T22:37:09","date_gmt":"2025-05-25T22:37:09","guid":{"rendered":"https:\/\/www.europesays.com\/fr\/127942\/"},"modified":"2025-05-25T22:37:09","modified_gmt":"2025-05-25T22:37:09","slug":"rencontre-entre-chefs-de-la-diplomatie-francaise-et-de-lautorite-palestinienne-ce-lundi-en-armenie","status":"publish","type":"post","link":"https:\/\/www.europesays.com\/fr\/127942\/","title":{"rendered":"Rencontre entre chefs de la diplomatie fran\u00e7aise et de l&rsquo;Autorit\u00e9 palestinienne ce lundi en Arm\u00e9nie"},"content":{"rendered":"<p>Le ministre des Affaires \u00e9trang\u00e8res Jean-No\u00ebl Barrot s\u2019entretiendra avec la ministre palestinienne aux Affaires \u00e9trang\u00e8res, Varsen Aghabekian Shahin.<\/p>\n<p class=\"fig-paragraph\">Le chef de la diplomatie fran\u00e7aise, qui se rend lundi et mardi en Arm\u00e9nie, y rencontrera son homologue de l&rsquo;Autorit\u00e9 palestinienne, a indiqu\u00e9 le Quai d&rsquo;Orsay, alors que se tenait \u00e0 Madrid une r\u00e9union internationale sur la situation \u00e0\u00a0<a href=\"http:\/\/www.lefigaro.fr\/international\/dossier\/attaque-du-hamas-contre-israel-le-point-sur-la-situation\" data-fig-type=\"Topic\" data-gtm-custom-categorie=\"navigation\" data-gtm-custom-action=\"crossclick\" data-gtm-custom-label=\"Contextuel\" data-gtm-event=\"customEventSPE\" data-fig-domain=\"LEFIGARO\" target=\"_blank\" rel=\"noopener\">Gaza<\/a>.<\/p>\n<p class=\"fig-paragraph\"><a href=\"http:\/\/www.lefigaro.fr\/international\/conflit-israel-hamas-la-violence-aveugle-a-fait-de-gaza-un-mouroir-pour-ne-pas-dire-un-cimetiere-denonce-jean-noel-barrot-20250520\" data-fig-type=\"NewsFlash\" data-gtm-custom-categorie=\"navigation\" data-gtm-custom-action=\"crossclick\" data-gtm-custom-label=\"Contextuel\" data-gtm-event=\"customEventSPE\" data-fig-domain=\"LEFIGARO\" target=\"_blank\" rel=\"noopener\">Jean-No\u00ebl Barrot\u00a0<\/a>s&rsquo;entretiendra avec la ministre palestinienne aux Affaires \u00e9trang\u00e8res, Varsen Aghabekian Shahin, a pr\u00e9cis\u00e9 le minist\u00e8re dimanche, pr\u00e9cisant que cette rencontre interviendrait \u00e0 un mois de la conf\u00e9rence sur Gaza co-pr\u00e9sid\u00e9e par Paris et l&rsquo;Arabie saoudite.<\/p>\n","protected":false},"excerpt":{"rendered":"Le ministre des Affaires \u00e9trang\u00e8res Jean-No\u00ebl Barrot s\u2019entretiendra avec la ministre palestinienne aux Affaires \u00e9trang\u00e8res, Varsen Aghabekian Shahin.&hellip;\n","protected":false},"author":2,"featured_media":127943,"comment_status":"","ping_status":"","sticky":false,"template":"","format":"standard","meta":{"footnotes":""},"categories":[5],"tags":[259,11,260,5950,1011,27,14,261,12,3518,262,28],"class_list":{"0":"post-127942","1":"post","2":"type-post","3":"status-publish","4":"format-standard","5":"has-post-thumbnail","7":"category-international","8":"tag-actualite-internationale","9":"tag-actualites","10":"tag-affaires-etrangeres","11":"tag-armenie","12":"tag-fr","13":"tag-france","14":"tag-international","15":"tag-ministere-des-affaires-etrangeres","16":"tag-news","17":"tag-palestine","18":"tag-politique-etrangere","19":"tag-world"},"share_on_mastodon":{"url":"https:\/\/pubeurope.com\/@fr\/114570870416661893","error":""},"_links":{"self":[{"href":"https:\/\/www.europesays.com\/fr\/wp-json\/wp\/v2\/posts\/127942","targetHints":{"allow":["GET"]}}],"collection":[{"href":"https:\/\/www.europesays.com\/fr\/wp-json\/wp\/v2\/posts"}],"about":[{"href":"https:\/\/www.europesays.com\/fr\/wp-json\/wp\/v2\/types\/post"}],"author":[{"embeddable":true,"href":"https:\/\/www.europesays.com\/fr\/wp-json\/wp\/v2\/users\/2"}],"replies":[{"embeddable":true,"href":"https:\/\/www.europesays.com\/fr\/wp-json\/wp\/v2\/comments?post=127942"}],"version-history":[{"count":0,"href":"https:\/\/www.europesays.com\/fr\/wp-json\/wp\/v2\/posts\/127942\/revisions"}],"wp:featuredmedia":[{"embeddable":true,"href":"https:\/\/www.europesays.com\/fr\/wp-json\/wp\/v2\/media\/127943"}],"wp:attachment":[{"href":"https:\/\/www.europesays.com\/fr\/wp-json\/wp\/v2\/media?parent=127942"}],"wp:term":[{"taxonomy":"category","embeddable":true,"href":"https:\/\/www.europesays.com\/fr\/wp-json\/wp\/v2\/categories?post=127942"},{"taxonomy":"post_tag","embeddable":true,"href":"https:\/\/www.europesays.com\/fr\/wp-json\/wp\/v2\/tags?post=127942"}],"curies":[{"name":"wp","href":"https:\/\/api.w.org\/{rel}","templated":true}]}}