{"id":127963,"date":"2025-05-25T22:56:30","date_gmt":"2025-05-25T22:56:30","guid":{"rendered":"https:\/\/www.europesays.com\/fr\/127963\/"},"modified":"2025-05-25T22:56:30","modified_gmt":"2025-05-25T22:56:30","slug":"photos-metz-handball-soffre-un-27e-titre-national-en-battant-strasbourg-ath-les-images-du-sacre","status":"publish","type":"post","link":"https:\/\/www.europesays.com\/fr\/127963\/","title":{"rendered":"Photos. Metz Handball s&rsquo;offre un 27e titre national en battant Strasbourg ATH, les images du sacre"},"content":{"rendered":"<p>\u00c0\u00a0deux journ\u00e9es de la fin du championnat (le 8 juin), Metz Handball a d\u00e9croch\u00e9 ce samedi, aux Ar\u00e8nes, son 27e titre national. Face \u00e0 Strasbourg ATH, les Dragonnes ont rendu une copie s\u00e9rieuse comme \u00e0 leur habitude (37-19), synonyme de nouveau sacre. Une semaine apr\u00e8s la victoire en Coupe de France et une semaine avant le tr\u00e8s attendu Final Four \u00e0 Budapest, c&rsquo;est une ligne de plus dans l&rsquo;impressionnant palmar\u00e8s du club messin qui f\u00eate cette ann\u00e9e son 60e anniversaire.\u00a0<\/p>\n","protected":false},"excerpt":{"rendered":"\u00c0\u00a0deux journ\u00e9es de la fin du championnat (le 8 juin), Metz Handball a d\u00e9croch\u00e9 ce samedi, aux Ar\u00e8nes,&hellip;\n","protected":false},"author":2,"featured_media":127964,"comment_status":"","ping_status":"","sticky":false,"template":"","format":"standard","meta":{"footnotes":""},"categories":[2820],"tags":[1111,11,5598,1777,674,107,1701,1011,27,2798,9540,775,6212,12897,5599,12,25,517,1700,640],"class_list":{"0":"post-127963","1":"post","2":"type-post","3":"status-publish","4":"format-standard","5":"has-post-thumbnail","7":"category-strasbourg","8":"tag-actu","9":"tag-actualites","10":"tag-edition-metz-et-agglomeration","11":"tag-eu","12":"tag-europe","13":"tag-fil-info","14":"tag-fil-info-sport","15":"tag-fr","16":"tag-france","17":"tag-galerie-photo","18":"tag-galerie-sport","19":"tag-grand-est","20":"tag-metz","21":"tag-metz-handball","22":"tag-moselle","23":"tag-news","24":"tag-republique-francaise","25":"tag-sport","26":"tag-sport-lorrain","27":"tag-strasbourg"},"share_on_mastodon":{"url":"https:\/\/pubeurope.com\/@fr\/114570945108466888","error":""},"_links":{"self":[{"href":"https:\/\/www.europesays.com\/fr\/wp-json\/wp\/v2\/posts\/127963","targetHints":{"allow":["GET"]}}],"collection":[{"href":"https:\/\/www.europesays.com\/fr\/wp-json\/wp\/v2\/posts"}],"about":[{"href":"https:\/\/www.europesays.com\/fr\/wp-json\/wp\/v2\/types\/post"}],"author":[{"embeddable":true,"href":"https:\/\/www.europesays.com\/fr\/wp-json\/wp\/v2\/users\/2"}],"replies":[{"embeddable":true,"href":"https:\/\/www.europesays.com\/fr\/wp-json\/wp\/v2\/comments?post=127963"}],"version-history":[{"count":0,"href":"https:\/\/www.europesays.com\/fr\/wp-json\/wp\/v2\/posts\/127963\/revisions"}],"wp:featuredmedia":[{"embeddable":true,"href":"https:\/\/www.europesays.com\/fr\/wp-json\/wp\/v2\/media\/127964"}],"wp:attachment":[{"href":"https:\/\/www.europesays.com\/fr\/wp-json\/wp\/v2\/media?parent=127963"}],"wp:term":[{"taxonomy":"category","embeddable":true,"href":"https:\/\/www.europesays.com\/fr\/wp-json\/wp\/v2\/categories?post=127963"},{"taxonomy":"post_tag","embeddable":true,"href":"https:\/\/www.europesays.com\/fr\/wp-json\/wp\/v2\/tags?post=127963"}],"curies":[{"name":"wp","href":"https:\/\/api.w.org\/{rel}","templated":true}]}}