{"id":127969,"date":"2025-05-25T23:00:13","date_gmt":"2025-05-25T23:00:13","guid":{"rendered":"https:\/\/www.europesays.com\/fr\/127969\/"},"modified":"2025-05-25T23:00:13","modified_gmt":"2025-05-25T23:00:13","slug":"foot-us-fin-de-saison-pour-les-dockers-de-nantes-sport-2","status":"publish","type":"post","link":"https:\/\/www.europesays.com\/fr\/127969\/","title":{"rendered":"Foot US. Fin de saison pour les Dockers de Nantes . Sport"},"content":{"rendered":"<p>Apr\u00e8s avoir connu une saison avec peu de matches et sans r\u00e9elle opposition, les Nantais ont cette fois trouv\u00e9 une \u00e9quipe qui avait du r\u00e9pondant. Un peu trop m\u00eame, avec des joueurs exp\u00e9riment\u00e9s qui ont pour certains \u00e9volu\u00e9 dans l\u2019\u00c9lite associ\u00e9s \u00e0 des jeunes cherchant \u00e0 se faire une place. <br \/>Lors de la premi\u00e8re mi-temps, les locaux r\u00e9ussissaient \u00e0 faire jeu \u00e9gal, mais n\u2019arrivaient pas \u00e0 prendre l\u2019ascendant.<\/p>\n<p>La Courneuve, mieux organis\u00e9e, parvenait \u00e0 atteindre la pause avec un maigre avantage de 6-0. Le pr\u00e9sident Benjamin Charron regrettait cette premi\u00e8re demi-heure de jeu\u00a0: \u00a0Nous avons fait trop d\u2019erreurs avec des ballons perdus ou des passes qui n\u2019arrivaient pas. D\u00e8s que la Courneuve a marqu\u00e9, les joueurs n\u2019ont pas r\u00e9ussi \u00e0 se remettre dans le match.\u00a0<\/p>\n<p>Les Nantais allaient perdre pied dans le 3e quart-temps, permettant \u00e0 leurs adversaires de virer avec une avance (7-14 puis 7-21).<\/p>\n<p>La mont\u00e9e en D2 propos\u00e9e \u00e0 Nantes\u00a0?<\/p>\n<p>Malgr\u00e9 les efforts pour revenir, la d\u00e9fense francilienne se montrait intraitable. \u00c0 la sortie, le coach Eric Tramuset \u00e9tait d\u00e9\u00e7u\u00a0: \u00a0On a jou\u00e9 comme on s\u2019entra\u00eene. Les joueurs n\u2019ont pas d\u00e9m\u00e9rit\u00e9, mais les Flashs \u00e9taient plus forts. Nous n\u2019avons fait que 6\u00a0matches cette ann\u00e9e et la saison s\u2019arr\u00eate l\u00e0. Il y a de quoi \u00eatre frustr\u00e9. Maintenant, nous allons attendre pour conna\u00eetre la d\u00e9cision de la F\u00e9d\u00e9ration. Il reste deux places \u00e0 donner pour la D2, il faut esp\u00e9rer que l\u2019on nous propose la mont\u00e9e.\u00a0<\/p>\n<p>Pour cela il va falloir attendre fin juin-d\u00e9but juillet.<\/p>\n<p>Nantes \u2013 La Courneuve (B)<\/p>\n<p>7-21<\/p>\n<p>Mi-temps\u00a0: 0-6<\/p>\n<p>Nantes\u00a0: 1 touch down<\/p>\n<p>La Courneuve\u00a0: 3 touch down 1 field goal<\/p>\n<p>\u00a0<\/p>\n","protected":false},"excerpt":{"rendered":"Apr\u00e8s avoir connu une saison avec peu de matches et sans r\u00e9elle opposition, les Nantais ont cette fois&hellip;\n","protected":false},"author":2,"featured_media":127630,"comment_status":"","ping_status":"","sticky":false,"template":"","format":"standard","meta":{"footnotes":""},"categories":[2818],"tags":[1111,11,2063,1777,674,1011,27,1922,1393,2487,766,12,2636,1404,25,2923,3272,4251,853],"class_list":{"0":"post-127969","1":"post","2":"type-post","3":"status-publish","4":"format-standard","5":"has-post-thumbnail","7":"category-nantes","8":"tag-actu","9":"tag-actualites","10":"tag-annonces","11":"tag-eu","12":"tag-europe","13":"tag-fr","14":"tag-france","15":"tag-info","16":"tag-loisirs","17":"tag-meteo","18":"tag-nantes","19":"tag-news","20":"tag-pays-de-la-loire","21":"tag-quotidien","22":"tag-republique-francaise","23":"tag-restaurants","24":"tag-saint-nazaire","25":"tag-sortir","26":"tag-spectacles"},"share_on_mastodon":{"url":"https:\/\/pubeurope.com\/@fr\/114570961255479681","error":""},"_links":{"self":[{"href":"https:\/\/www.europesays.com\/fr\/wp-json\/wp\/v2\/posts\/127969","targetHints":{"allow":["GET"]}}],"collection":[{"href":"https:\/\/www.europesays.com\/fr\/wp-json\/wp\/v2\/posts"}],"about":[{"href":"https:\/\/www.europesays.com\/fr\/wp-json\/wp\/v2\/types\/post"}],"author":[{"embeddable":true,"href":"https:\/\/www.europesays.com\/fr\/wp-json\/wp\/v2\/users\/2"}],"replies":[{"embeddable":true,"href":"https:\/\/www.europesays.com\/fr\/wp-json\/wp\/v2\/comments?post=127969"}],"version-history":[{"count":0,"href":"https:\/\/www.europesays.com\/fr\/wp-json\/wp\/v2\/posts\/127969\/revisions"}],"wp:featuredmedia":[{"embeddable":true,"href":"https:\/\/www.europesays.com\/fr\/wp-json\/wp\/v2\/media\/127630"}],"wp:attachment":[{"href":"https:\/\/www.europesays.com\/fr\/wp-json\/wp\/v2\/media?parent=127969"}],"wp:term":[{"taxonomy":"category","embeddable":true,"href":"https:\/\/www.europesays.com\/fr\/wp-json\/wp\/v2\/categories?post=127969"},{"taxonomy":"post_tag","embeddable":true,"href":"https:\/\/www.europesays.com\/fr\/wp-json\/wp\/v2\/tags?post=127969"}],"curies":[{"name":"wp","href":"https:\/\/api.w.org\/{rel}","templated":true}]}}