{"id":127974,"date":"2025-05-25T23:04:10","date_gmt":"2025-05-25T23:04:10","guid":{"rendered":"https:\/\/www.europesays.com\/fr\/127974\/"},"modified":"2025-05-25T23:04:10","modified_gmt":"2025-05-25T23:04:10","slug":"previsions-du-lundi-26-mai-2025","status":"publish","type":"post","link":"https:\/\/www.europesays.com\/fr\/127974\/","title":{"rendered":"pr\u00e9visions du lundi 26 mai 2025"},"content":{"rendered":"<p>Les nuages en pr\u00e9vision aujourd&rsquo;hui, \u00e0 Toulouse, et un ciel encore gris. Les valeurs s&rsquo;\u00e9chelonneront entre 12 et 20\u00b0C. Un vent de nord-ouest soufflera un peu, avec 12 km\/h. La matin\u00e9e va rester maussade \u00e0 cause de nuages qui se maintiennent dans le ciel. Des pluies \u00e9parses sont attendues. Les temp\u00e9ratures tourneront autour des 17\u00b0C. Petits et grands pourront appr\u00e9cier leur apr\u00e8s-midi sous un ciel l\u00e9g\u00e8rement nuageux. On pr\u00e9voit des temp\u00e9ratures d&rsquo;environ 20\u00b0C. Des pluies \u00e9parses vont tomber tout au long de la soir\u00e9e. Entre lundi et mardi, la nuit sera claire.<\/p>\n<p>Demain, un grand soleil rayonnera sur Toulouse. Il va faire en moyenne 16\u00b0C. Un vent de nord-ouest rafra\u00eechira quelque peu l&rsquo;atmosph\u00e8re. Il fera 16\u00b0C en moyenne le matin. Demain apr\u00e8s-midi, c&rsquo;est une hausse de plusieurs degr\u00e9s que vont conna\u00eetre les temp\u00e9ratures. Les valeurs seront de 20\u00b0C au plus bas et de 22\u00b0C au maximum. Les nuages seront pr\u00e9sents demain soir. Les temp\u00e9ratures avoisineront les 17\u00b0C.<\/p>\n<p>Pour la suite, le temps ne changera pas. Une m\u00e9t\u00e9o ensoleill\u00e9e, avec des temp\u00e9ratures de 18\u00b0C environ, est pr\u00e9vue.<\/p>\n<p><\/p>\n","protected":false},"excerpt":{"rendered":"Les nuages en pr\u00e9vision aujourd&rsquo;hui, \u00e0 Toulouse, et un ciel encore gris. Les valeurs s&rsquo;\u00e9chelonneront entre 12 et&hellip;\n","protected":false},"author":2,"featured_media":127975,"comment_status":"","ping_status":"","sticky":false,"template":"","format":"standard","meta":{"footnotes":""},"categories":[2816],"tags":[1111,11,1777,674,1011,27,2722,2721,12,2680,2119,25,2312],"class_list":{"0":"post-127974","1":"post","2":"type-post","3":"status-publish","4":"format-standard","5":"has-post-thumbnail","7":"category-toulouse","8":"tag-actu","9":"tag-actualites","10":"tag-eu","11":"tag-europe","12":"tag-fr","13":"tag-france","14":"tag-haute-garonne","15":"tag-midi-pyrenees","16":"tag-news","17":"tag-occitanie","18":"tag-previsions-meteo","19":"tag-republique-francaise","20":"tag-toulouse"},"share_on_mastodon":{"url":"","error":""},"_links":{"self":[{"href":"https:\/\/www.europesays.com\/fr\/wp-json\/wp\/v2\/posts\/127974","targetHints":{"allow":["GET"]}}],"collection":[{"href":"https:\/\/www.europesays.com\/fr\/wp-json\/wp\/v2\/posts"}],"about":[{"href":"https:\/\/www.europesays.com\/fr\/wp-json\/wp\/v2\/types\/post"}],"author":[{"embeddable":true,"href":"https:\/\/www.europesays.com\/fr\/wp-json\/wp\/v2\/users\/2"}],"replies":[{"embeddable":true,"href":"https:\/\/www.europesays.com\/fr\/wp-json\/wp\/v2\/comments?post=127974"}],"version-history":[{"count":0,"href":"https:\/\/www.europesays.com\/fr\/wp-json\/wp\/v2\/posts\/127974\/revisions"}],"wp:featuredmedia":[{"embeddable":true,"href":"https:\/\/www.europesays.com\/fr\/wp-json\/wp\/v2\/media\/127975"}],"wp:attachment":[{"href":"https:\/\/www.europesays.com\/fr\/wp-json\/wp\/v2\/media?parent=127974"}],"wp:term":[{"taxonomy":"category","embeddable":true,"href":"https:\/\/www.europesays.com\/fr\/wp-json\/wp\/v2\/categories?post=127974"},{"taxonomy":"post_tag","embeddable":true,"href":"https:\/\/www.europesays.com\/fr\/wp-json\/wp\/v2\/tags?post=127974"}],"curies":[{"name":"wp","href":"https:\/\/api.w.org\/{rel}","templated":true}]}}