{"id":127976,"date":"2025-05-25T23:05:15","date_gmt":"2025-05-25T23:05:15","guid":{"rendered":"https:\/\/www.europesays.com\/fr\/127976\/"},"modified":"2025-05-25T23:05:15","modified_gmt":"2025-05-25T23:05:15","slug":"plusieurs-coups-violents-le-surveillant-dun-college-frappe-par-un-pere-deleve-pres-de-toulouse","status":"publish","type":"post","link":"https:\/\/www.europesays.com\/fr\/127976\/","title":{"rendered":"\u00ab\u00a0Plusieurs coups violents\u00a0\u00bb\u00a0: le surveillant d\u2019un coll\u00e8ge frapp\u00e9 par un p\u00e8re d\u2019\u00e9l\u00e8ve pr\u00e8s de Toulouse"},"content":{"rendered":"<p class=\"paragraph text_align_left\">Des faits d\u2019une telle gravit\u00e9 que le personnel de l\u2019\u00e9tablissement a fait valoir son droit de retrait. <a href=\"https:\/\/www.leparisien.fr\/yvelines-78\/yvelines-un-pere-deleve-en-furie-sintroduit-dans-un-lycee-et-sen-prend-a-une-enseignante-20-09-2024-RUJPX5N2SNEAVE45SUDY55FHCM.php\" target=\"_blank\" rel=\"noreferrer nofollow noopener\">Un p\u00e8re d\u2019\u00e9l\u00e8ve a violemment agress\u00e9<\/a> un surveillant du coll\u00e8ge Jacques-Maur\u00e9 de Castelginest (<a href=\"https:\/\/www.leparisien.fr\/haute-garonne-31\/\" target=\"_blank\" rel=\"noreferrer nofollow noopener\">Haute-Garonne<\/a>), pr\u00e8s de Toulouse, ce vendredi, en lui ass\u00e9nant \u00ab plusieurs coups violents \u00bb, a fait savoir le rectorat de l\u2019acad\u00e9mie de Toulouse, <a href=\"https:\/\/www.ladepeche.fr\/2025\/05\/23\/un-surveillant-violemment-frappe-par-un-parent-deleve-les-enseignants-de-ce-college-pres-de-toulouse-exercent-leur-droit-de-retrait-le-college-ferme-12716219.php\" target=\"_blank\" rel=\"noreferrer nofollow noopener\">cit\u00e9 par La D\u00e9p\u00eache du Midi<\/a>.<\/p>\n<p class=\"paragraph text_align_left\">Selon le rectorat, un p\u00e8re d\u2019\u00e9l\u00e8ve, scolaris\u00e9 dans le coll\u00e8ge, s\u2019est pr\u00e9sent\u00e9 devant l\u2019\u00e9tablissement vendredi matin. Il a \u00ab interpell\u00e9 les assistants d\u2019\u00e9ducation (AED) au portail et a demand\u00e9 \u00e0 voir un \u00e9l\u00e8ve \u00bb, explique l\u2019acad\u00e9mie.<\/p>\n<p>Un autre agent bless\u00e9<\/p>\n<p class=\"paragraph text_align_left\">Face au refus des assistants d\u2019\u00e9ducation, l\u2019homme \u00ab s\u2019est vivement emport\u00e9 et a donn\u00e9 plusieurs coups violents \u00bb \u00e0 un des surveillants. Il \u00ab a \u00e9galement \u00e9t\u00e9 mena\u00e7ant avec un agent territorial du coll\u00e8ge \u00bb, poursuit le rectorat.<\/p>\n<p class=\"paragraph text_align_left\">Le maire de la commune, Gr\u00e9goire Carneiro, s\u2019est rendu sur place avec les forces de l\u2019ordre : \u00ab Ce n\u2019est pas \u00e0 prendre \u00e0 la l\u00e9g\u00e8re ! \u00bb, a-t-il confi\u00e9 \u00e0 nos confr\u00e8res de La D\u00e9p\u00eache. \u00ab De ce que l\u2019on sait, le p\u00e8re aurait cass\u00e9 le nez du surveillant et se serait ensuite acharn\u00e9 sur lui lorsqu\u2019il \u00e9tait au sol \u00bb, a-t-il poursuivi.<\/p>\n<p class=\"paragraph text_align_left\">Une fois sur place, les policiers \u00ab l\u2019ont immobilis\u00e9 le temps que la gendarmerie prenne le relais \u00bb, a poursuivi l\u2019\u00e9dile, qui pr\u00e9cise qu\u2019un des agents de l\u2019\u00e9tablissement, qui a tent\u00e9 de s\u2019interposer, a lui aussi \u00e9t\u00e9 bless\u00e9. Selon La D\u00e9p\u00eache, les enseignants ont imm\u00e9diatement exerc\u00e9 leur droit de retrait. Les \u00e9l\u00e8ves ont \u00e9t\u00e9 renvoy\u00e9s chez eux et l\u2019\u00e9tablissement a ferm\u00e9.<\/p>\n<p>Un \u00ab acte violent et inadmissible \u00bb<\/p>\n<p class=\"paragraph text_align_left\">Le rectorat de Toulouse affirme avoir \u00ab d\u00e9ploy\u00e9 ses \u00e9quipes mobiles de s\u00e9curit\u00e9 autour de l\u2019\u00e9tablissement \u00bb et \u00ab d\u00e9p\u00each\u00e9 sur place le conseiller technique \u00c9tablissement Vie Scolaire pour accompagner et soutenir les personnels tr\u00e8s choqu\u00e9s par cette agression \u00bb. Un accompagnement psychologique a \u00e9galement \u00e9t\u00e9 propos\u00e9 \u00e0 l\u2019ensemble du personnel de l\u2019\u00e9tablissement.<\/p>\n<p class=\"paragraph text_align_left\">Le recteur Karim Benmiloud \u00ab condamne fermement cet acte violent et inadmissible \u00bb et assure de son \u00ab total soutien cet assistant d\u2019\u00e9ducation et plus largement tous les personnels du coll\u00e8ge de Castelginest \u00bb, selon ses propos rapport\u00e9s par nos confr\u00e8res.<\/p>\n<p class=\"lp-card-podcast-highlighting__title  lp-f-subtitle-05\">Les disparus du camp militaire de Mourmelon (1\/2)<\/p>\n<p class=\"lp-card-podcast-highlighting__description lp-f-ui-05\">Crime story raconte chaque semaine les grandes affaires criminelles.<\/p>\n<p><a class=\"lp-card-podcast-highlighting__call-to-action\" data-page-type=\"HP\" data-block-name=\"podcast-highlight\">\u00c9couter<\/a><\/p>\n<p class=\"paragraph text_align_left\">Dans un courrier envoy\u00e9 aux parents d\u2019\u00e9l\u00e8ves, les enseignants et le personnel de l\u2019\u00e9tablissement se sont dits \u00ab sid\u00e9r\u00e9s et indign\u00e9s, face \u00e0 un tel d\u00e9cha\u00eenement de violence \u00bb. \u00ab Personne ne peut accepter que l\u2019int\u00e9grit\u00e9 physique et morale d\u2019un enfant ou d\u2019un adulte soit menac\u00e9e \u00bb, ont-ils \u00e9crit.<\/p>\n","protected":false},"excerpt":{"rendered":"Des faits d\u2019une telle gravit\u00e9 que le personnel de l\u2019\u00e9tablissement a fait valoir son droit de retrait. Un&hellip;\n","protected":false},"author":2,"featured_media":127977,"comment_status":"","ping_status":"","sticky":false,"template":"","format":"standard","meta":{"footnotes":""},"categories":[2816],"tags":[1111,11,459,1777,674,118,1011,27,12,2680,25,2312],"class_list":{"0":"post-127976","1":"post","2":"type-post","3":"status-publish","4":"format-standard","5":"has-post-thumbnail","7":"category-toulouse","8":"tag-actu","9":"tag-actualites","10":"tag-departements-horsidfo","11":"tag-eu","12":"tag-europe","13":"tag-faits-divers","14":"tag-fr","15":"tag-france","16":"tag-news","17":"tag-occitanie","18":"tag-republique-francaise","19":"tag-toulouse"},"share_on_mastodon":{"url":"https:\/\/pubeurope.com\/@fr\/114570980616182672","error":""},"_links":{"self":[{"href":"https:\/\/www.europesays.com\/fr\/wp-json\/wp\/v2\/posts\/127976","targetHints":{"allow":["GET"]}}],"collection":[{"href":"https:\/\/www.europesays.com\/fr\/wp-json\/wp\/v2\/posts"}],"about":[{"href":"https:\/\/www.europesays.com\/fr\/wp-json\/wp\/v2\/types\/post"}],"author":[{"embeddable":true,"href":"https:\/\/www.europesays.com\/fr\/wp-json\/wp\/v2\/users\/2"}],"replies":[{"embeddable":true,"href":"https:\/\/www.europesays.com\/fr\/wp-json\/wp\/v2\/comments?post=127976"}],"version-history":[{"count":0,"href":"https:\/\/www.europesays.com\/fr\/wp-json\/wp\/v2\/posts\/127976\/revisions"}],"wp:featuredmedia":[{"embeddable":true,"href":"https:\/\/www.europesays.com\/fr\/wp-json\/wp\/v2\/media\/127977"}],"wp:attachment":[{"href":"https:\/\/www.europesays.com\/fr\/wp-json\/wp\/v2\/media?parent=127976"}],"wp:term":[{"taxonomy":"category","embeddable":true,"href":"https:\/\/www.europesays.com\/fr\/wp-json\/wp\/v2\/categories?post=127976"},{"taxonomy":"post_tag","embeddable":true,"href":"https:\/\/www.europesays.com\/fr\/wp-json\/wp\/v2\/tags?post=127976"}],"curies":[{"name":"wp","href":"https:\/\/api.w.org\/{rel}","templated":true}]}}