{"id":127978,"date":"2025-05-25T23:07:42","date_gmt":"2025-05-25T23:07:42","guid":{"rendered":"https:\/\/www.europesays.com\/fr\/127978\/"},"modified":"2025-05-25T23:07:42","modified_gmt":"2025-05-25T23:07:42","slug":"nouveau-couac-du-metro-en-plein-concert-de-bruce-springsteen","status":"publish","type":"post","link":"https:\/\/www.europesays.com\/fr\/127978\/","title":{"rendered":"Nouveau couac du m\u00e9tro, en plein concert de Bruce Springsteen"},"content":{"rendered":"<p>Les fans de <a href=\"https:\/\/www.20minutes.fr\/dossier\/bruce_springsteen\" class=\"color-ultramarine c-link\" target=\"_blank\" rel=\"noopener\">Bruce Springsteen<\/a> s\u2019en souviendront. Alors que des dizaines de milliers d\u2019entre eux affluaient samedi vers le stade Pierre-Mauroy pour assister au concert de la l\u00e9gende am\u00e9ricaine, le m\u00e9tro <a href=\"https:\/\/www.20minutes.fr\/lille\/\" class=\"color-ultramarine c-link\" target=\"_blank\" rel=\"noopener\">lillois<\/a> est tomb\u00e9 en panne. Les deux lignes sont successivement tomb\u00e9es en rade.<\/p>\n<p>Les probl\u00e8mes ont commenc\u00e9 vers 12h30 avec \u00ab\u00a0une rame muette sur la ligne 1, qui ne r\u00e9pondait pas\u00a0\u00bb et a d\u00fb \u00eatre remorqu\u00e9e jusqu\u2019au terminus, explique la communication d\u2019Il\u00e9via, l\u2019exploitant du r\u00e9seau de transport en commun de la m\u00e9tropole europ\u00e9enne de Lille (Mel).<\/p>\n<p>Des bus mobilis\u00e9s en remplacement<\/p>\n<p>Le trafic a pu reprendre bri\u00e8vement, avant d\u2019\u00eatre \u00e0 nouveau interrompu sur la m\u00eame ligne en raison d\u2019un probl\u00e8me de fermeture de porte. Il n\u2019a repris que vers 23h15, selon <a href=\"https:\/\/www.20minutes.fr\/dossier\/transpole\" class=\"color-ultramarine c-link\" target=\"_blank\" rel=\"noopener\">Il\u00e9via<\/a>. Parall\u00e8lement, la ligne 2 a \u00e9t\u00e9 immobilis\u00e9e entre 22h30 et minuit \u00ab\u00a0pour un probl\u00e8me de pneumatique\u00a0\u00bb.<\/p>\n<p>Une quarantaine de bus, dont 12 avaient \u00e9t\u00e9 pr\u00e9par\u00e9s par anticipation pour le concert de Bruce Springsteen, ont \u00e9t\u00e9 mobilis\u00e9s en remplacement.<\/p>\n<\/p>\n<p>Sur les r\u00e9seaux sociaux, les spectateurs ont partag\u00e9 leur m\u00e9contentement face \u00e0 ces probl\u00e8mes r\u00e9currents. \u00ab\u00a0Sortie du concert du Boss. Pas de m\u00e9tro ligne 1 \u00e0 Lille. Ferm\u00e9e. 50.000 personnes dont beaucoup d\u2019\u00e9trangers \u00e0 pied ou des bus de remplacement. Bravo\u00a0\u00bb, a \u00e9crit l\u2019avocat lillois Frank Berton sur X. D\u2019autres usagers d\u00e9crivent un \u00ab\u00a0parcours du combattant\u00a0\u00bb, la \u00ab\u00a0gal\u00e8re\u00a0\u00bb avant et apr\u00e8s le concert.<\/p>\n<p>Mi-mai d\u00e9j\u00e0, la circulation avait \u00e9t\u00e9 interrompue sur la ligne 1 pendant plus de quarante-huit heures, un record, en raison d\u2019un probl\u00e8me informatique touchant le pilote automatique. Longue de 12,5 kilom\u00e8tres, cette ligne est la plus ancienne ligne de m\u00e9tro sans conducteur au monde, inaugur\u00e9e en\u00a01983.<\/p>\n<p>Doublement de la longueur des rames en\u00a02026<\/p>\n<p>Le m\u00e9tro lillois est r\u00e9guli\u00e8rement touch\u00e9 par des pannes ces derniers mois. La Mel a pr\u00e9vu de reverser dans les prochaines semaines 4\u00a0millions d\u2019euros aux usagers en raison des dysfonctionnements subis fin\u00a02024. Ces perturbations sont notamment dues au d\u00e9ploiement du nouveau pilote automatique de la ligne 1, qui doit \u00eatre accompagn\u00e9 en\u00a02026 du doublement de la longueur des rames de la ligne.<\/p>\n<p>La Mel a retenu en\u00a02012 Alstom pour ce chantier \u00e0 266\u00a0millions d\u2019euros, dont la livraison \u00e9tait initialement pr\u00e9vue en\u00a02016. Les retards du projet ont entra\u00een\u00e9 plusieurs contentieux entre la Mel et <a href=\"https:\/\/www.20minutes.fr\/dossier\/alstom\" class=\"color-ultramarine c-link\" target=\"_blank\" rel=\"noopener\">Alstom<\/a>. La collectivit\u00e9 et le groupe ont cependant sign\u00e9 en janvier un nouveau contrat de 210\u00a0millions d\u2019euros pour 15 rames suppl\u00e9mentaires.<\/p>\n","protected":false},"excerpt":{"rendered":"Les fans de Bruce Springsteen s\u2019en souviendront. Alors que des dizaines de milliers d\u2019entre eux affluaient samedi vers&hellip;\n","protected":false},"author":2,"featured_media":127979,"comment_status":"","ping_status":"","sticky":false,"template":"","format":"standard","meta":{"footnotes":""},"categories":[2815],"tags":[1111,47,11,23078,1697,1777,674,118,1011,27,811,1307,12,1308,1309,10899,25],"class_list":{"0":"post-127978","1":"post","2":"type-post","3":"status-publish","4":"format-standard","5":"has-post-thumbnail","7":"category-lille","8":"tag-actu","9":"tag-actualite","10":"tag-actualites","11":"tag-bruce-springsteen","12":"tag-concert","13":"tag-eu","14":"tag-europe","15":"tag-faits-divers","16":"tag-fr","17":"tag-france","18":"tag-hauts-de-france","19":"tag-lille","20":"tag-news","21":"tag-nord","22":"tag-nord-pas-de-calais","23":"tag-panne","24":"tag-republique-francaise"},"share_on_mastodon":{"url":"https:\/\/pubeurope.com\/@fr\/114570988355692242","error":""},"_links":{"self":[{"href":"https:\/\/www.europesays.com\/fr\/wp-json\/wp\/v2\/posts\/127978","targetHints":{"allow":["GET"]}}],"collection":[{"href":"https:\/\/www.europesays.com\/fr\/wp-json\/wp\/v2\/posts"}],"about":[{"href":"https:\/\/www.europesays.com\/fr\/wp-json\/wp\/v2\/types\/post"}],"author":[{"embeddable":true,"href":"https:\/\/www.europesays.com\/fr\/wp-json\/wp\/v2\/users\/2"}],"replies":[{"embeddable":true,"href":"https:\/\/www.europesays.com\/fr\/wp-json\/wp\/v2\/comments?post=127978"}],"version-history":[{"count":0,"href":"https:\/\/www.europesays.com\/fr\/wp-json\/wp\/v2\/posts\/127978\/revisions"}],"wp:featuredmedia":[{"embeddable":true,"href":"https:\/\/www.europesays.com\/fr\/wp-json\/wp\/v2\/media\/127979"}],"wp:attachment":[{"href":"https:\/\/www.europesays.com\/fr\/wp-json\/wp\/v2\/media?parent=127978"}],"wp:term":[{"taxonomy":"category","embeddable":true,"href":"https:\/\/www.europesays.com\/fr\/wp-json\/wp\/v2\/categories?post=127978"},{"taxonomy":"post_tag","embeddable":true,"href":"https:\/\/www.europesays.com\/fr\/wp-json\/wp\/v2\/tags?post=127978"}],"curies":[{"name":"wp","href":"https:\/\/api.w.org\/{rel}","templated":true}]}}